{"id":15876,"date":"2025-10-13T04:21:28","date_gmt":"2025-10-13T04:21:28","guid":{"rendered":"https:\/\/livingmultimediosde.net.ar\/INDEX\/?p=15876"},"modified":"2025-10-13T04:21:28","modified_gmt":"2025-10-13T04:21:28","slug":"la-intendente-fuentes-participo-de-la-caminata-por-la-prevencion-del-cancer-de-mama-organizado-por-la-fundacion-mujer","status":"publish","type":"post","link":"https:\/\/livingmultimediosde.net.ar\/INDEX\/2025\/10\/la-intendente-fuentes-participo-de-la-caminata-por-la-prevencion-del-cancer-de-mama-organizado-por-la-fundacion-mujer\/","title":{"rendered":"LA INTENDENTE FUENTES PARTICIP\u00d3 DE LA CAMINATA POR LA PREVENCI\u00d3N DEL C\u00c1NCER DE MAMA ORGANIZADO POR LA FUNDACI\u00d3N MUJER"},"content":{"rendered":"<p>&nbsp;<\/p>\n<p>La intendente de la Capital, Ing. Norma Fuentes, particip\u00f3 de la caminata saludable y cultural organizado por la Fundaci\u00f3n Mujer para conmemorar el mes de la prevenci\u00f3n del c\u00e1ncer de mamas que, se realiz\u00f3 desde plaza Libertad hasta el Paseo de la Mujer en el Parque Aguirre.<br \/>\nLa jefa comunal junto a la presidenta de la fundaci\u00f3n, Delia Raab, miembros de la ONG, de asociaciones civiles dedicadas a la salud y cientos de mujeres vestidas de rosa como color simb\u00f3lico formaron parte de la actividad que concluy\u00f3 con una clase de zumba y shows en vivo.<br \/>\n\u201cEstoy contenta por hacer esta caminata un a\u00f1o m\u00e1s y poder decirles que este mes nos encuentra unidas, y agradecida a todos los varones que est\u00e1n acompa\u00f1ando, porque esto es salvar vidas, es hacer prevenci\u00f3n y es tomar conciencia\u201d, destac\u00f3 la Ing. Fuentes.<br \/>\nA la vez que, remarc\u00f3 que \u201cla sociedad necesita a las mujeres juntas, con empat\u00eda y esta caminata es un reconocimiento a quienes han atravesado situaciones complejas\u201d.<br \/>\nEn esta ocasi\u00f3n, acompa\u00f1aron a la intendente, el secretario de Gobierno de la Municipalidad, N\u00e9stor Machado, el subsecretario de Salud y Desarrollo Social, Mauro Kalinski, y las subsecretarias de Obras P\u00fablicas, Rosa Allalla, y de Educaci\u00f3n, Nancy Bravo.<\/p>\n","protected":false},"excerpt":{"rendered":"<p>&nbsp; La intendente de la Capital, Ing. Norma Fuentes, particip\u00f3 de la caminata saludable y cultural organizado por la Fundaci\u00f3n Mujer para conmemorar el mes de la prevenci\u00f3n del c\u00e1ncer de mamas que, se realiz\u00f3 desde plaza Libertad hasta el Paseo de la Mujer en el Parque Aguirre. La jefa comunal junto a la presidenta de la fundaci\u00f3n, Delia Raab, miembros de la ONG, de asociaciones civiles dedicadas a la salud y cientos de mujeres vestidas de rosa como color simb\u00f3lico formaron parte de la actividad que concluy\u00f3 con una&hellip;<\/p>\n","protected":false},"author":1,"featured_media":15877,"comment_status":"closed","ping_status":"closed","sticky":false,"template":"","format":"standard","meta":{"footnotes":""},"categories":[9],"tags":[],"class_list":["post-15876","post","type-post","status-publish","format-standard","has-post-thumbnail","hentry","category-noticias"],"rttpg_featured_image_url":{"full":["https:\/\/livingmultimediosde.net.ar\/INDEX\/wp-content\/uploads\/2025\/10\/FUNDACION-MUJE.jpg",900,599,false],"landscape":["https:\/\/livingmultimediosde.net.ar\/INDEX\/wp-content\/uploads\/2025\/10\/FUNDACION-MUJE.jpg",900,599,false],"portraits":["https:\/\/livingmultimediosde.net.ar\/INDEX\/wp-content\/uploads\/2025\/10\/FUNDACION-MUJE.jpg",900,599,false],"thumbnail":["https:\/\/livingmultimediosde.net.ar\/INDEX\/wp-content\/uploads\/2025\/10\/FUNDACION-MUJE-150x150.jpg",150,150,true],"medium":["https:\/\/livingmultimediosde.net.ar\/INDEX\/wp-content\/uploads\/2025\/10\/FUNDACION-MUJE-300x200.jpg",300,200,true],"large":["https:\/\/livingmultimediosde.net.ar\/INDEX\/wp-content\/uploads\/2025\/10\/FUNDACION-MUJE.jpg",640,426,false],"1536x1536":["https:\/\/livingmultimediosde.net.ar\/INDEX\/wp-content\/uploads\/2025\/10\/FUNDACION-MUJE.jpg",900,599,false],"2048x2048":["https:\/\/livingmultimediosde.net.ar\/INDEX\/wp-content\/uploads\/2025\/10\/FUNDACION-MUJE.jpg",900,599,false],"post-thumbnail":["https:\/\/livingmultimediosde.net.ar\/INDEX\/wp-content\/uploads\/2025\/10\/FUNDACION-MUJE-240x172.jpg",240,172,true]},"rttpg_author":{"display_name":"rober","author_link":"https:\/\/livingmultimediosde.net.ar\/INDEX\/author\/rober\/"},"rttpg_comment":0,"rttpg_category":"<a href=\"https:\/\/livingmultimediosde.net.ar\/INDEX\/category\/noticias\/\" rel=\"category tag\">NOTICIAS<\/a>","rttpg_excerpt":"&nbsp; La intendente de la Capital, Ing. Norma Fuentes, particip\u00f3 de la caminata saludable y cultural organizado por la Fundaci\u00f3n Mujer para conmemorar el mes de la prevenci\u00f3n del c\u00e1ncer de mamas que, se realiz\u00f3 desde plaza Libertad hasta el Paseo de la Mujer en el Parque Aguirre. La jefa comunal junto a la presidenta&hellip;","_links":{"self":[{"href":"https:\/\/livingmultimediosde.net.ar\/INDEX\/wp-json\/wp\/v2\/posts\/15876","targetHints":{"allow":["GET"]}}],"collection":[{"href":"https:\/\/livingmultimediosde.net.ar\/INDEX\/wp-json\/wp\/v2\/posts"}],"about":[{"href":"https:\/\/livingmultimediosde.net.ar\/INDEX\/wp-json\/wp\/v2\/types\/post"}],"author":[{"embeddable":true,"href":"https:\/\/livingmultimediosde.net.ar\/INDEX\/wp-json\/wp\/v2\/users\/1"}],"replies":[{"embeddable":true,"href":"https:\/\/livingmultimediosde.net.ar\/INDEX\/wp-json\/wp\/v2\/comments?post=15876"}],"version-history":[{"count":1,"href":"https:\/\/livingmultimediosde.net.ar\/INDEX\/wp-json\/wp\/v2\/posts\/15876\/revisions"}],"predecessor-version":[{"id":15878,"href":"https:\/\/livingmultimediosde.net.ar\/INDEX\/wp-json\/wp\/v2\/posts\/15876\/revisions\/15878"}],"wp:featuredmedia":[{"embeddable":true,"href":"https:\/\/livingmultimediosde.net.ar\/INDEX\/wp-json\/wp\/v2\/media\/15877"}],"wp:attachment":[{"href":"https:\/\/livingmultimediosde.net.ar\/INDEX\/wp-json\/wp\/v2\/media?parent=15876"}],"wp:term":[{"taxonomy":"category","embeddable":true,"href":"https:\/\/livingmultimediosde.net.ar\/INDEX\/wp-json\/wp\/v2\/categories?post=15876"},{"taxonomy":"post_tag","embeddable":true,"href":"https:\/\/livingmultimediosde.net.ar\/INDEX\/wp-json\/wp\/v2\/tags?post=15876"}],"curies":[{"name":"wp","href":"https:\/\/api.w.org\/{rel}","templated":true}]}}