{"id":15873,"date":"2025-10-13T01:32:04","date_gmt":"2025-10-13T01:32:04","guid":{"rendered":"https:\/\/livingmultimediosde.net.ar\/INDEX\/?p=15873"},"modified":"2025-10-13T01:32:04","modified_gmt":"2025-10-13T01:32:04","slug":"economia-anuncia-que-el-17-de-octubre-se-abonara-la-primera-parte-del-bono-de-fin-de-ano-a-la-administracion-publica-provincial","status":"publish","type":"post","link":"https:\/\/livingmultimediosde.net.ar\/INDEX\/2025\/10\/economia-anuncia-que-el-17-de-octubre-se-abonara-la-primera-parte-del-bono-de-fin-de-ano-a-la-administracion-publica-provincial\/","title":{"rendered":"Econom\u00eda anuncia que el 17 de octubre se abonar\u00e1 la primera parte del bono de fin de a\u00f1o a la administraci\u00f3n p\u00fablica provincial"},"content":{"rendered":"<p>El Ministerio de Econom\u00eda de la provincia informa que, de acuerdo a lo solicitado por la Mesa de Di\u00e1logo y Trabajo ante la celebraci\u00f3n del D\u00eda de la Madre, el pago de la primera parte del Bono de Fin de A\u00f1o que estaba previsto para el 21 de octubre se adelanta para el pr\u00f3ximo viernes 17 de este mes.<\/p>\n<p>&nbsp;<\/p>\n","protected":false},"excerpt":{"rendered":"<p>El Ministerio de Econom\u00eda de la provincia informa que, de acuerdo a lo solicitado por la Mesa de Di\u00e1logo y Trabajo ante la celebraci\u00f3n del D\u00eda de la Madre, el pago de la primera parte del Bono de Fin de A\u00f1o que estaba previsto para el 21 de octubre se adelanta para el pr\u00f3ximo viernes 17 de este mes. &nbsp;<\/p>\n","protected":false},"author":1,"featured_media":15874,"comment_status":"closed","ping_status":"closed","sticky":false,"template":"","format":"standard","meta":{"footnotes":""},"categories":[9],"tags":[],"class_list":["post-15873","post","type-post","status-publish","format-standard","has-post-thumbnail","hentry","category-noticias"],"rttpg_featured_image_url":{"full":["https:\/\/livingmultimediosde.net.ar\/INDEX\/wp-content\/uploads\/2025\/10\/cajero-dinero-plata-sueldos-pagos.jpg",711,400,false],"landscape":["https:\/\/livingmultimediosde.net.ar\/INDEX\/wp-content\/uploads\/2025\/10\/cajero-dinero-plata-sueldos-pagos.jpg",711,400,false],"portraits":["https:\/\/livingmultimediosde.net.ar\/INDEX\/wp-content\/uploads\/2025\/10\/cajero-dinero-plata-sueldos-pagos.jpg",711,400,false],"thumbnail":["https:\/\/livingmultimediosde.net.ar\/INDEX\/wp-content\/uploads\/2025\/10\/cajero-dinero-plata-sueldos-pagos-150x150.jpg",150,150,true],"medium":["https:\/\/livingmultimediosde.net.ar\/INDEX\/wp-content\/uploads\/2025\/10\/cajero-dinero-plata-sueldos-pagos-300x169.jpg",300,169,true],"large":["https:\/\/livingmultimediosde.net.ar\/INDEX\/wp-content\/uploads\/2025\/10\/cajero-dinero-plata-sueldos-pagos.jpg",640,360,false],"1536x1536":["https:\/\/livingmultimediosde.net.ar\/INDEX\/wp-content\/uploads\/2025\/10\/cajero-dinero-plata-sueldos-pagos.jpg",711,400,false],"2048x2048":["https:\/\/livingmultimediosde.net.ar\/INDEX\/wp-content\/uploads\/2025\/10\/cajero-dinero-plata-sueldos-pagos.jpg",711,400,false],"post-thumbnail":["https:\/\/livingmultimediosde.net.ar\/INDEX\/wp-content\/uploads\/2025\/10\/cajero-dinero-plata-sueldos-pagos-240x172.jpg",240,172,true]},"rttpg_author":{"display_name":"rober","author_link":"https:\/\/livingmultimediosde.net.ar\/INDEX\/author\/rober\/"},"rttpg_comment":0,"rttpg_category":"<a href=\"https:\/\/livingmultimediosde.net.ar\/INDEX\/category\/noticias\/\" rel=\"category tag\">NOTICIAS<\/a>","rttpg_excerpt":"El Ministerio de Econom\u00eda de la provincia informa que, de acuerdo a lo solicitado por la Mesa de Di\u00e1logo y Trabajo ante la celebraci\u00f3n del D\u00eda de la Madre, el pago de la primera parte del Bono de Fin de A\u00f1o que estaba previsto para el 21 de octubre se adelanta para el pr\u00f3ximo viernes&hellip;","_links":{"self":[{"href":"https:\/\/livingmultimediosde.net.ar\/INDEX\/wp-json\/wp\/v2\/posts\/15873","targetHints":{"allow":["GET"]}}],"collection":[{"href":"https:\/\/livingmultimediosde.net.ar\/INDEX\/wp-json\/wp\/v2\/posts"}],"about":[{"href":"https:\/\/livingmultimediosde.net.ar\/INDEX\/wp-json\/wp\/v2\/types\/post"}],"author":[{"embeddable":true,"href":"https:\/\/livingmultimediosde.net.ar\/INDEX\/wp-json\/wp\/v2\/users\/1"}],"replies":[{"embeddable":true,"href":"https:\/\/livingmultimediosde.net.ar\/INDEX\/wp-json\/wp\/v2\/comments?post=15873"}],"version-history":[{"count":1,"href":"https:\/\/livingmultimediosde.net.ar\/INDEX\/wp-json\/wp\/v2\/posts\/15873\/revisions"}],"predecessor-version":[{"id":15875,"href":"https:\/\/livingmultimediosde.net.ar\/INDEX\/wp-json\/wp\/v2\/posts\/15873\/revisions\/15875"}],"wp:featuredmedia":[{"embeddable":true,"href":"https:\/\/livingmultimediosde.net.ar\/INDEX\/wp-json\/wp\/v2\/media\/15874"}],"wp:attachment":[{"href":"https:\/\/livingmultimediosde.net.ar\/INDEX\/wp-json\/wp\/v2\/media?parent=15873"}],"wp:term":[{"taxonomy":"category","embeddable":true,"href":"https:\/\/livingmultimediosde.net.ar\/INDEX\/wp-json\/wp\/v2\/categories?post=15873"},{"taxonomy":"post_tag","embeddable":true,"href":"https:\/\/livingmultimediosde.net.ar\/INDEX\/wp-json\/wp\/v2\/tags?post=15873"}],"curies":[{"name":"wp","href":"https:\/\/api.w.org\/{rel}","templated":true}]}}