{"id":14161,"date":"2025-05-13T14:08:25","date_gmt":"2025-05-13T14:08:25","guid":{"rendered":"https:\/\/livingmultimediosde.net.ar\/INDEX\/?p=14161"},"modified":"2025-05-13T14:09:14","modified_gmt":"2025-05-13T14:09:14","slug":"fuerte-sismo-de-magnitud-53-sacudio-la-cuenca-carbonifera-en-santa-cruz","status":"publish","type":"post","link":"https:\/\/livingmultimediosde.net.ar\/INDEX\/2025\/05\/fuerte-sismo-de-magnitud-53-sacudio-la-cuenca-carbonifera-en-santa-cruz\/","title":{"rendered":"Fuerte sismo de magnitud 5,3 sacudi\u00f3 la Cuenca Carbon\u00edfera en Santa Cruz"},"content":{"rendered":"\n<p class=\"wp-block-paragraph\">Un sismo de magnitud 5,3 sacudi\u00f3 este lunes por la noche el sur de la provincia de Santa Cruz y fue percibido en localidades como R\u00edo Turbio, 28 de Noviembre, El Calafate y Puerto Natales, en el vecino pa\u00eds de Chile.<\/p>\n\n\n\n<p class=\"wp-block-paragraph\">Seg\u00fan supo Noticias Argentinas, el movimiento tel\u00farico se produjo a las 21:48 horas y tuvo una profundidad estimada de 35 km, con epicentro en la Cuenca Carbon\u00edfera, cerca de la frontera con Chile, dentro del departamento de G\u00fcer Aike.<\/p>\n\n\n\n<p class=\"wp-block-paragraph\">Varias agencias internacionales confirmaron el sismo<br>El Centro Sismol\u00f3gico Europeo-Mediterr\u00e1neo (EMSC) fue el primero en reportar el temblor con una magnitud de 5,3.<br>Luego, el Centro Sismol\u00f3gico Nacional (CSN) de la Universidad de Chile corrobor\u00f3 el mismo valor.<br>La Red Nacional de Vigilancia S\u00edsmica (R\u00e9NaSS) de Francia y el Centro Alem\u00e1n de Investigaci\u00f3n en Geociencias (GFZ) lo midieron con una magnitud levemente menor, de 5,1.<br>Repercusiones y expectativa de parte del Inpres<br>Vecinos de las localidades afectadas informaron haber sentido el temblor con distinta intensidad, aunque hasta el momento no se reportaron da\u00f1os materiales ni v\u00edctimas.<\/p>\n\n\n\n<p class=\"wp-block-paragraph\">Se espera en las pr\u00f3ximas horas un reporte oficial del Instituto Nacional de Prevenci\u00f3n S\u00edsmica (Inpres) para confirmar los datos de magnitud, profundidad y localizaci\u00f3n exacta.<\/p>\n\n\n\n<p class=\"wp-block-paragraph\">El movimiento gener\u00f3 preocupaci\u00f3n en la regi\u00f3n, que no est\u00e1 acostumbrada a este tipo de eventos de gran magnitud, aunque s\u00ed ha registrado actividad s\u00edsmica moderada en a\u00f1os anteriores.<\/p>\n","protected":false},"excerpt":{"rendered":"<p>Un sismo de magnitud 5,3 sacudi\u00f3 este lunes por la noche el sur de la provincia de Santa Cruz y fue percibido en localidades como R\u00edo Turbio, 28 de Noviembre, El Calafate y Puerto Natales, en el vecino pa\u00eds de Chile. Seg\u00fan supo Noticias Argentinas, el movimiento tel\u00farico se produjo a las 21:48 horas y tuvo una profundidad estimada de 35 km, con epicentro en la Cuenca Carbon\u00edfera, cerca de la frontera con Chile, dentro del departamento de G\u00fcer Aike. Varias agencias internacionales confirmaron el sismoEl Centro Sismol\u00f3gico Europeo-Mediterr\u00e1neo (EMSC)&hellip;<\/p>\n","protected":false},"author":1,"featured_media":0,"comment_status":"closed","ping_status":"closed","sticky":false,"template":"","format":"standard","meta":{"footnotes":""},"categories":[4],"tags":[],"class_list":["post-14161","post","type-post","status-publish","format-standard","hentry","category-interes-general"],"rttpg_featured_image_url":null,"rttpg_author":{"display_name":"rober","author_link":"https:\/\/livingmultimediosde.net.ar\/INDEX\/author\/rober\/"},"rttpg_comment":0,"rttpg_category":"<a href=\"https:\/\/livingmultimediosde.net.ar\/INDEX\/category\/interes-general\/\" rel=\"category tag\">INTERES GENERAL<\/a>","rttpg_excerpt":"Un sismo de magnitud 5,3 sacudi\u00f3 este lunes por la noche el sur de la provincia de Santa Cruz y fue percibido en localidades como R\u00edo Turbio, 28 de Noviembre, El Calafate y Puerto Natales, en el vecino pa\u00eds de Chile. Seg\u00fan supo Noticias Argentinas, el movimiento tel\u00farico se produjo a las 21:48 horas y&hellip;","_links":{"self":[{"href":"https:\/\/livingmultimediosde.net.ar\/INDEX\/wp-json\/wp\/v2\/posts\/14161","targetHints":{"allow":["GET"]}}],"collection":[{"href":"https:\/\/livingmultimediosde.net.ar\/INDEX\/wp-json\/wp\/v2\/posts"}],"about":[{"href":"https:\/\/livingmultimediosde.net.ar\/INDEX\/wp-json\/wp\/v2\/types\/post"}],"author":[{"embeddable":true,"href":"https:\/\/livingmultimediosde.net.ar\/INDEX\/wp-json\/wp\/v2\/users\/1"}],"replies":[{"embeddable":true,"href":"https:\/\/livingmultimediosde.net.ar\/INDEX\/wp-json\/wp\/v2\/comments?post=14161"}],"version-history":[{"count":1,"href":"https:\/\/livingmultimediosde.net.ar\/INDEX\/wp-json\/wp\/v2\/posts\/14161\/revisions"}],"predecessor-version":[{"id":14163,"href":"https:\/\/livingmultimediosde.net.ar\/INDEX\/wp-json\/wp\/v2\/posts\/14161\/revisions\/14163"}],"wp:attachment":[{"href":"https:\/\/livingmultimediosde.net.ar\/INDEX\/wp-json\/wp\/v2\/media?parent=14161"}],"wp:term":[{"taxonomy":"category","embeddable":true,"href":"https:\/\/livingmultimediosde.net.ar\/INDEX\/wp-json\/wp\/v2\/categories?post=14161"},{"taxonomy":"post_tag","embeddable":true,"href":"https:\/\/livingmultimediosde.net.ar\/INDEX\/wp-json\/wp\/v2\/tags?post=14161"}],"curies":[{"name":"wp","href":"https:\/\/api.w.org\/{rel}","templated":true}]}}