{"id":14158,"date":"2025-05-13T14:05:00","date_gmt":"2025-05-13T14:05:00","guid":{"rendered":"https:\/\/livingmultimediosde.net.ar\/INDEX\/?p=14158"},"modified":"2025-05-13T14:05:10","modified_gmt":"2025-05-13T14:05:10","slug":"gerard-depardieu-fue-condenado-por-agresiones-sexuales-a-18-meses-de-prision-en-suspenso","status":"publish","type":"post","link":"https:\/\/livingmultimediosde.net.ar\/INDEX\/2025\/05\/gerard-depardieu-fue-condenado-por-agresiones-sexuales-a-18-meses-de-prision-en-suspenso\/","title":{"rendered":"G\u00e9rard Depardieu fue condenado por agresiones sexuales a 18 meses de prisi\u00f3n en suspenso"},"content":{"rendered":"\n<p class=\"wp-block-paragraph\">La Justicia conden\u00f3 a 18 meses de prisi\u00f3n en suspenso a la leyenda del cine G\u00e9rard Depardieu por agredir sexualmente a dos mujeres durante un rodaje en 2021. La defensa del actor anunci\u00f3 de inmediato que apelar\u00e1 la decisi\u00f3n del juez.<\/p>\n\n\n\n<p class=\"wp-block-paragraph\">En marzo, el actor de 76 a\u00f1os admiti\u00f3 ante el Tribunal Penal de Par\u00eds haber agarrado por las caderas a una de las dos denunciantes durante el rodaje de la pel\u00edcula de Jean Becker \u00abLes volets verts\u00bb, pero neg\u00f3 cualquier agresi\u00f3n de car\u00e1cter sexual.<\/p>\n\n\n\n<p class=\"wp-block-paragraph\">Las denunciantes; Am\u00e9lie, una decoradora de 54 a\u00f1os, y Sarah (pseud\u00f3nimo), una ayudante de direcci\u00f3n de 34 a\u00f1os, lo acusaban de agresi\u00f3n, acoso y ultrajes sexistas. El tribunal accedi\u00f3 a la petici\u00f3n de la fiscal\u00eda de suspender la pena de prisi\u00f3n, al considerar que los hechos hab\u00edan quedado probados.<\/p>\n\n\n\n<p class=\"wp-block-paragraph\">\u00abG\u00e9rard Depardieu no parece haber comprendido ni la noci\u00f3n de consentimiento ni las consecuencias perjudiciales y traum\u00e1ticas. Es una buena decisi\u00f3n, es un reconocimiento para las v\u00edctimas\u00bb, coment\u00f3 la abogada de una de las dos denunciantes, Am\u00e9lie K, seg\u00fan el sitio franc\u00e9s RFI.<\/p>\n\n\n\n<p class=\"wp-block-paragraph\">Por otra parte, la letrada Carine Durrieu Diebolt celebr\u00f3 el fallo del juez: \u00abEs una victoria para dos mujeres en un plat\u00f3 de cine, pero es una victoria para todas las mujeres\u00bb.<\/p>\n\n\n\n<p class=\"wp-block-paragraph\">Esta es la primera vez que G\u00e9rard Depardieu, que no asisti\u00f3 a la vista del martes, tiene que responder ante un tribunal por una de las acusaciones de agresi\u00f3n sexual en su contra desde que comenz\u00f3 el movimiento #MeToo hace seis a\u00f1os.<\/p>\n\n\n\n<p class=\"wp-block-paragraph\">Las acusaciones de agresiones sexuales a mujeres sacudieron la industria del cine en Francia y esta primera condena a Depardieu coincide con el inicio de la principal cita del sector: el Festival de Cine de Cannes.<\/p>\n\n\n\n<p class=\"wp-block-paragraph\">\u00abNo veo por qu\u00e9 perder\u00eda el tiempo manoseando a una mujer, su trasero, sus pechos. No soy un sob\u00f3n de metro\u00bb, asegur\u00f3 el actor. Simplemente, reconoci\u00f3 haber agarrado a Am\u00e9lie por las caderas \u00abpara no resbalar\u00bb de su taburete durante una discusi\u00f3n sobre el decorado de la pel\u00edcula.<\/p>\n\n\n\n<p class=\"wp-block-paragraph\">Sin embargo, la versi\u00f3n de la denunciante advierte otra cosa: \u00abCierra las piernas y me agarra las caderas\u00bb, describi\u00f3 la mujer, recordando la \u00abfuerza\u00bb del actor, \u00absu gran cara\u00bb, \u00absus ojos rojos, muy excitados\u00bb y sus palabras: \u00abVen y toca mi gran sombrilla. \u00a1Te la voy a meter en la vagina!\u00bb.<\/p>\n\n\n\n<p class=\"wp-block-paragraph\">Sarah denunci\u00f3 que el reputado int\u00e9rprete le toc\u00f3 las nalgas y los pechos en varias ocasiones, pese a que la mujer le dijo claramente \u201cno\u201d. El acusado neg\u00f3 los hechos y su abogado defensor pidi\u00f3 la absoluci\u00f3n de su cliente.<\/p>\n\n\n\n<p class=\"wp-block-paragraph\">Incluso, el letrado calific\u00f3 a Am\u00e9lie y Sarah de cuentistas al servicio de una \u00aborganizaci\u00f3n\u00bb de \u00abfeministas rabiosas\u00bb, por lo que les adjudic\u00f3 \u00abacoso\u00bb en contra de Depardieu.<\/p>\n\n\n\n<p class=\"wp-block-paragraph\">A pesar de las fuertes declaraciones de las denunciantes, algunos personajes salieron en apoyo del actor, como es el caso del jurista J\u00e9r\u00e9mie Assous, quien critic\u00f3 duramente la decisi\u00f3n del tribunal, argumentando que \u00abdesde el momento en que hoy se le implica en un caso de supuesta agresi\u00f3n sexual, se lo condena autom\u00e1ticamente\u00bb.<\/p>\n\n\n\n<p class=\"wp-block-paragraph\">El lunes, la legendaria actriz francesa Brigitte Bardot, de 90 a\u00f1os, sali\u00f3 en defensa de Depardieu, al asegurar que los hombres acusados de poner \u00absus manos sobre el trasero de una chica\u00bb deber\u00edan poder continuar \u00abcon sus vidas\u00bb.<\/p>\n\n\n\n<p class=\"wp-block-paragraph\">Para el ministerio p\u00fablico, las denunciantes eran en cambio \u00abmujeres en situaci\u00f3n de inferioridad social\u00bb ante un actor que \u00abgoza de notoriedad, de un aura y de un estatus monumental en el cine franc\u00e9s\u00bb.<\/p>\n\n\n\n<p class=\"wp-block-paragraph\">M\u00e1s all\u00e1 del juicio, una veintena de mujeres acusaron a la estrella internacional por comportamientos similares, pero la mayor\u00eda de denuncias se archivaron porque los hechos prescribieron.<\/p>\n","protected":false},"excerpt":{"rendered":"<p>La Justicia conden\u00f3 a 18 meses de prisi\u00f3n en suspenso a la leyenda del cine G\u00e9rard Depardieu por agredir sexualmente a dos mujeres durante un rodaje en 2021. La defensa del actor anunci\u00f3 de inmediato que apelar\u00e1 la decisi\u00f3n del juez. En marzo, el actor de 76 a\u00f1os admiti\u00f3 ante el Tribunal Penal de Par\u00eds haber agarrado por las caderas a una de las dos denunciantes durante el rodaje de la pel\u00edcula de Jean Becker \u00abLes volets verts\u00bb, pero neg\u00f3 cualquier agresi\u00f3n de car\u00e1cter sexual. Las denunciantes; Am\u00e9lie, una decoradora&hellip;<\/p>\n","protected":false},"author":1,"featured_media":0,"comment_status":"closed","ping_status":"closed","sticky":false,"template":"","format":"standard","meta":{"footnotes":""},"categories":[4],"tags":[],"class_list":["post-14158","post","type-post","status-publish","format-standard","hentry","category-interes-general"],"rttpg_featured_image_url":null,"rttpg_author":{"display_name":"rober","author_link":"https:\/\/livingmultimediosde.net.ar\/INDEX\/author\/rober\/"},"rttpg_comment":0,"rttpg_category":"<a href=\"https:\/\/livingmultimediosde.net.ar\/INDEX\/category\/interes-general\/\" rel=\"category tag\">INTERES GENERAL<\/a>","rttpg_excerpt":"La Justicia conden\u00f3 a 18 meses de prisi\u00f3n en suspenso a la leyenda del cine G\u00e9rard Depardieu por agredir sexualmente a dos mujeres durante un rodaje en 2021. La defensa del actor anunci\u00f3 de inmediato que apelar\u00e1 la decisi\u00f3n del juez. En marzo, el actor de 76 a\u00f1os admiti\u00f3 ante el Tribunal Penal de Par\u00eds&hellip;","_links":{"self":[{"href":"https:\/\/livingmultimediosde.net.ar\/INDEX\/wp-json\/wp\/v2\/posts\/14158","targetHints":{"allow":["GET"]}}],"collection":[{"href":"https:\/\/livingmultimediosde.net.ar\/INDEX\/wp-json\/wp\/v2\/posts"}],"about":[{"href":"https:\/\/livingmultimediosde.net.ar\/INDEX\/wp-json\/wp\/v2\/types\/post"}],"author":[{"embeddable":true,"href":"https:\/\/livingmultimediosde.net.ar\/INDEX\/wp-json\/wp\/v2\/users\/1"}],"replies":[{"embeddable":true,"href":"https:\/\/livingmultimediosde.net.ar\/INDEX\/wp-json\/wp\/v2\/comments?post=14158"}],"version-history":[{"count":1,"href":"https:\/\/livingmultimediosde.net.ar\/INDEX\/wp-json\/wp\/v2\/posts\/14158\/revisions"}],"predecessor-version":[{"id":14160,"href":"https:\/\/livingmultimediosde.net.ar\/INDEX\/wp-json\/wp\/v2\/posts\/14158\/revisions\/14160"}],"wp:attachment":[{"href":"https:\/\/livingmultimediosde.net.ar\/INDEX\/wp-json\/wp\/v2\/media?parent=14158"}],"wp:term":[{"taxonomy":"category","embeddable":true,"href":"https:\/\/livingmultimediosde.net.ar\/INDEX\/wp-json\/wp\/v2\/categories?post=14158"},{"taxonomy":"post_tag","embeddable":true,"href":"https:\/\/livingmultimediosde.net.ar\/INDEX\/wp-json\/wp\/v2\/tags?post=14158"}],"curies":[{"name":"wp","href":"https:\/\/api.w.org\/{rel}","templated":true}]}}