{"id":14154,"date":"2025-05-13T13:53:32","date_gmt":"2025-05-13T13:53:32","guid":{"rendered":"https:\/\/livingmultimediosde.net.ar\/INDEX\/?p=14154"},"modified":"2025-05-13T13:53:42","modified_gmt":"2025-05-13T13:53:42","slug":"dos-empleados-de-transito-de-la-capital-recibieron-las-disculpas-y-reparacion-de-danos-de-las-dos-personas-que-los-agredieron","status":"publish","type":"post","link":"https:\/\/livingmultimediosde.net.ar\/INDEX\/2025\/05\/dos-empleados-de-transito-de-la-capital-recibieron-las-disculpas-y-reparacion-de-danos-de-las-dos-personas-que-los-agredieron\/","title":{"rendered":"DOS EMPLEADOS DE TR\u00c1NSITO DE LA CAPITAL RECIBIERON LAS DISCULPAS Y REPARACI\u00d3N DE DA\u00d1OS DE LAS DOS PERSONAS QUE LOS AGREDIERON"},"content":{"rendered":"\n<p class=\"wp-block-paragraph\">El fiscal municipal, Mart\u00edn Ramos, destac\u00f3 que durante la oportuna instrucci\u00f3n penal por amenazas y lesiones realizadas en contra de dos ciudadanos que hab\u00edan agredido a dos agentes de tr\u00e1nsito, los imputados propusieron un acuerdo de reparaci\u00f3n integral del perjuicio.<br>Cabe recordar que el a\u00f1o pasado dos inspectores municipales fueron objeto de agresiones f\u00edsicas y verbales durante el cumplimiento de sus tareas en la esquina de Belgrano y 9 de Julio, por parte del conductor y el acompa\u00f1ante de una camioneta.<br>Al respecto, Ramos detall\u00f3 que \u00abla composici\u00f3n del caso incluy\u00f3 el pedido personal de disculpas a los agentes municipales, reflexionando ante ellos que su actuar no fue correcto, retract\u00e1ndose de sus conductas y ofreciendo la reparaci\u00f3n del da\u00f1o moral y de todo gasto m\u00e9dico o sanatorial que el hecho les hubiera causado\u00bb.<br>\u00abLa propuesta fue aceptada por las v\u00edctimas, por lo que la causa penal ser\u00e1 archivada y el caso resultar\u00e1 modelo, no solo porque reivindica la dignidad de los agentes municipales, sino tambi\u00e9n porque los agresores supieron recapacitar sobre sus conductas, en una muestra de madurez y civismo\u00bb, afirm\u00f3.<\/p>\n","protected":false},"excerpt":{"rendered":"<p>El fiscal municipal, Mart\u00edn Ramos, destac\u00f3 que durante la oportuna instrucci\u00f3n penal por amenazas y lesiones realizadas en contra de dos ciudadanos que hab\u00edan agredido a dos agentes de tr\u00e1nsito, los imputados propusieron un acuerdo de reparaci\u00f3n integral del perjuicio.Cabe recordar que el a\u00f1o pasado dos inspectores municipales fueron objeto de agresiones f\u00edsicas y verbales durante el cumplimiento de sus tareas en la esquina de Belgrano y 9 de Julio, por parte del conductor y el acompa\u00f1ante de una camioneta.Al respecto, Ramos detall\u00f3 que \u00abla composici\u00f3n del caso incluy\u00f3 el&hellip;<\/p>\n","protected":false},"author":1,"featured_media":0,"comment_status":"closed","ping_status":"closed","sticky":false,"template":"","format":"standard","meta":{"footnotes":""},"categories":[9],"tags":[],"class_list":["post-14154","post","type-post","status-publish","format-standard","hentry","category-noticias"],"rttpg_featured_image_url":null,"rttpg_author":{"display_name":"rober","author_link":"https:\/\/livingmultimediosde.net.ar\/INDEX\/author\/rober\/"},"rttpg_comment":0,"rttpg_category":"<a href=\"https:\/\/livingmultimediosde.net.ar\/INDEX\/category\/noticias\/\" rel=\"category tag\">NOTICIAS<\/a>","rttpg_excerpt":"El fiscal municipal, Mart\u00edn Ramos, destac\u00f3 que durante la oportuna instrucci\u00f3n penal por amenazas y lesiones realizadas en contra de dos ciudadanos que hab\u00edan agredido a dos agentes de tr\u00e1nsito, los imputados propusieron un acuerdo de reparaci\u00f3n integral del perjuicio.Cabe recordar que el a\u00f1o pasado dos inspectores municipales fueron objeto de agresiones f\u00edsicas y verbales&hellip;","_links":{"self":[{"href":"https:\/\/livingmultimediosde.net.ar\/INDEX\/wp-json\/wp\/v2\/posts\/14154","targetHints":{"allow":["GET"]}}],"collection":[{"href":"https:\/\/livingmultimediosde.net.ar\/INDEX\/wp-json\/wp\/v2\/posts"}],"about":[{"href":"https:\/\/livingmultimediosde.net.ar\/INDEX\/wp-json\/wp\/v2\/types\/post"}],"author":[{"embeddable":true,"href":"https:\/\/livingmultimediosde.net.ar\/INDEX\/wp-json\/wp\/v2\/users\/1"}],"replies":[{"embeddable":true,"href":"https:\/\/livingmultimediosde.net.ar\/INDEX\/wp-json\/wp\/v2\/comments?post=14154"}],"version-history":[{"count":1,"href":"https:\/\/livingmultimediosde.net.ar\/INDEX\/wp-json\/wp\/v2\/posts\/14154\/revisions"}],"predecessor-version":[{"id":14156,"href":"https:\/\/livingmultimediosde.net.ar\/INDEX\/wp-json\/wp\/v2\/posts\/14154\/revisions\/14156"}],"wp:attachment":[{"href":"https:\/\/livingmultimediosde.net.ar\/INDEX\/wp-json\/wp\/v2\/media?parent=14154"}],"wp:term":[{"taxonomy":"category","embeddable":true,"href":"https:\/\/livingmultimediosde.net.ar\/INDEX\/wp-json\/wp\/v2\/categories?post=14154"},{"taxonomy":"post_tag","embeddable":true,"href":"https:\/\/livingmultimediosde.net.ar\/INDEX\/wp-json\/wp\/v2\/tags?post=14154"}],"curies":[{"name":"wp","href":"https:\/\/api.w.org\/{rel}","templated":true}]}}