{"id":14127,"date":"2025-05-12T13:53:17","date_gmt":"2025-05-12T13:53:17","guid":{"rendered":"https:\/\/livingmultimediosde.net.ar\/INDEX\/?p=14127"},"modified":"2025-05-12T13:53:44","modified_gmt":"2025-05-12T13:53:44","slug":"descontrol-en-neuquen-un-alumno-de-12-anos-llevo-un-arma-y-apunto-a-ninos-de-cuarto-grado","status":"publish","type":"post","link":"https:\/\/livingmultimediosde.net.ar\/INDEX\/2025\/05\/descontrol-en-neuquen-un-alumno-de-12-anos-llevo-un-arma-y-apunto-a-ninos-de-cuarto-grado\/","title":{"rendered":"Descontrol en Neuqu\u00e9n: un alumno de 12 a\u00f1os llev\u00f3 un arma y apunt\u00f3 a ni\u00f1os de cuarto grado"},"content":{"rendered":"\n<p class=\"wp-block-paragraph\">Un episodio de extrema gravedad sacudi\u00f3 a la comunidad educativa de la escuela primaria N\u00b0 200, ubicada en el barrio Gran Neuqu\u00e9n. Un alumno de s\u00e9ptimo grado, de 12 a\u00f1os, ingres\u00f3 armado a una clase de educaci\u00f3n f\u00edsica y apunt\u00f3 contra alumnos de cuarto grado, quienes entraron en p\u00e1nico, seg\u00fan inform\u00f3 Noticias 7.<\/p>\n\n\n\n<p class=\"wp-block-paragraph\">El hecho ocurri\u00f3 el pasado mi\u00e9rcoles y fue contenido por el profesor a cargo, quien logr\u00f3 reducir al chico y proteger a los estudiantes.<\/p>\n\n\n\n<p class=\"wp-block-paragraph\">El incidente, tras el cual acudi\u00f3 la Polic\u00eda y una ambulancia, fue minimizado por la instituci\u00f3n, que habr\u00eda intentado encubrir lo sucedido argumentando que se trat\u00f3 de una simple descompensaci\u00f3n. Pero cuando volvieron a sus casas, los ni\u00f1os relataron los hechos a sus familias, tras lo cual padres y madres denunciaron que desde la escuela se les prohibi\u00f3 a los estudiantes hablar sobre lo sucedido para evitar \u201cproblemas mayores\u201d.<\/p>\n\n\n\n<p class=\"wp-block-paragraph\">El alumno agresor ya hab\u00eda protagonizado episodios violentos previos, entre ellos la agresi\u00f3n con un ladrillo a otro ni\u00f1o, que termin\u00f3 con lesiones y p\u00e9rdida de piezas dentales. Adem\u00e1s, se lo acusa de amenazas frecuentes con objetos punzantes y de comportamiento violento, tanto dentro como fuera del aula.<\/p>\n\n\n\n<p class=\"wp-block-paragraph\">La comunidad educativa reclama una respuesta urgente del Consejo Provincial de Educaci\u00f3n y de organismos como la Defensor\u00eda del Ni\u00f1o. Denuncian tambi\u00e9n que no exist\u00eda, hasta ahora, ning\u00fan seguimiento formal de esta problem\u00e1tica, a pesar de los antecedentes. Las clases fueron suspendidas hasta el mi\u00e9rcoles y las autoridades del establecimiento cerraron los portones, evitando dar declaraciones p\u00fablicas.<\/p>\n\n\n\n<p class=\"wp-block-paragraph\">El caso dej\u00f3 al descubierto fallas estructurales en el manejo de situaciones de riesgo dentro del sistema educativo y encendi\u00f3 la alarma sobre la contenci\u00f3n y protecci\u00f3n de menores en contextos de violencia.<\/p>\n","protected":false},"excerpt":{"rendered":"<p>Un episodio de extrema gravedad sacudi\u00f3 a la comunidad educativa de la escuela primaria N\u00b0 200, ubicada en el barrio Gran Neuqu\u00e9n. Un alumno de s\u00e9ptimo grado, de 12 a\u00f1os, ingres\u00f3 armado a una clase de educaci\u00f3n f\u00edsica y apunt\u00f3 contra alumnos de cuarto grado, quienes entraron en p\u00e1nico, seg\u00fan inform\u00f3 Noticias 7. El hecho ocurri\u00f3 el pasado mi\u00e9rcoles y fue contenido por el profesor a cargo, quien logr\u00f3 reducir al chico y proteger a los estudiantes. El incidente, tras el cual acudi\u00f3 la Polic\u00eda y una ambulancia, fue minimizado&hellip;<\/p>\n","protected":false},"author":1,"featured_media":0,"comment_status":"closed","ping_status":"closed","sticky":false,"template":"","format":"standard","meta":{"footnotes":""},"categories":[4],"tags":[],"class_list":["post-14127","post","type-post","status-publish","format-standard","hentry","category-interes-general"],"rttpg_featured_image_url":null,"rttpg_author":{"display_name":"rober","author_link":"https:\/\/livingmultimediosde.net.ar\/INDEX\/author\/rober\/"},"rttpg_comment":0,"rttpg_category":"<a href=\"https:\/\/livingmultimediosde.net.ar\/INDEX\/category\/interes-general\/\" rel=\"category tag\">INTERES GENERAL<\/a>","rttpg_excerpt":"Un episodio de extrema gravedad sacudi\u00f3 a la comunidad educativa de la escuela primaria N\u00b0 200, ubicada en el barrio Gran Neuqu\u00e9n. Un alumno de s\u00e9ptimo grado, de 12 a\u00f1os, ingres\u00f3 armado a una clase de educaci\u00f3n f\u00edsica y apunt\u00f3 contra alumnos de cuarto grado, quienes entraron en p\u00e1nico, seg\u00fan inform\u00f3 Noticias 7. El hecho&hellip;","_links":{"self":[{"href":"https:\/\/livingmultimediosde.net.ar\/INDEX\/wp-json\/wp\/v2\/posts\/14127","targetHints":{"allow":["GET"]}}],"collection":[{"href":"https:\/\/livingmultimediosde.net.ar\/INDEX\/wp-json\/wp\/v2\/posts"}],"about":[{"href":"https:\/\/livingmultimediosde.net.ar\/INDEX\/wp-json\/wp\/v2\/types\/post"}],"author":[{"embeddable":true,"href":"https:\/\/livingmultimediosde.net.ar\/INDEX\/wp-json\/wp\/v2\/users\/1"}],"replies":[{"embeddable":true,"href":"https:\/\/livingmultimediosde.net.ar\/INDEX\/wp-json\/wp\/v2\/comments?post=14127"}],"version-history":[{"count":1,"href":"https:\/\/livingmultimediosde.net.ar\/INDEX\/wp-json\/wp\/v2\/posts\/14127\/revisions"}],"predecessor-version":[{"id":14129,"href":"https:\/\/livingmultimediosde.net.ar\/INDEX\/wp-json\/wp\/v2\/posts\/14127\/revisions\/14129"}],"wp:attachment":[{"href":"https:\/\/livingmultimediosde.net.ar\/INDEX\/wp-json\/wp\/v2\/media?parent=14127"}],"wp:term":[{"taxonomy":"category","embeddable":true,"href":"https:\/\/livingmultimediosde.net.ar\/INDEX\/wp-json\/wp\/v2\/categories?post=14127"},{"taxonomy":"post_tag","embeddable":true,"href":"https:\/\/livingmultimediosde.net.ar\/INDEX\/wp-json\/wp\/v2\/tags?post=14127"}],"curies":[{"name":"wp","href":"https:\/\/api.w.org\/{rel}","templated":true}]}}