{"id":14113,"date":"2025-05-11T06:16:24","date_gmt":"2025-05-11T06:16:24","guid":{"rendered":"https:\/\/livingmultimediosde.net.ar\/INDEX\/?p=14113"},"modified":"2025-05-11T06:16:27","modified_gmt":"2025-05-11T06:16:27","slug":"una-jubilada-murio-en-mendoza-al-caerse-de-un-colectivo-tras-una-brusca-maniobra","status":"publish","type":"post","link":"https:\/\/livingmultimediosde.net.ar\/INDEX\/2025\/05\/una-jubilada-murio-en-mendoza-al-caerse-de-un-colectivo-tras-una-brusca-maniobra\/","title":{"rendered":"Una jubilada muri\u00f3 en Mendoza al caerse de un colectivo tras una brusca maniobra"},"content":{"rendered":"\n<p class=\"wp-block-paragraph\">Una jubilada, de 85 a\u00f1os, muri\u00f3 en Mendoza tras caerse de un colectivo luego de que el chofer haya frenado de manera brusca para evitar un accidente.<\/p>\n\n\n\n<p class=\"wp-block-paragraph\">El siniestro tuvo lugar en la intersecci\u00f3n de las calles Belgrano y Viamonte cuando la v\u00edctima, identificada como Marta Lida B\u00e9ccar, no logr\u00f3 agarrarse cuando el colectivo fren\u00f3 repentinamente.<\/p>\n\n\n\n<p class=\"wp-block-paragraph\">Las autoridades explicaron que el veh\u00edculo de gran porte circulaba por la calle Belgrano cuando en la intersecci\u00f3n con Viamonte una camioneta pas\u00f3 a alta velocidad, motivo por el cual el chofer debi\u00f3 pisar los frenos de manera sorpresiva.<\/p>\n\n\n\n<p class=\"wp-block-paragraph\">Esa maniobra violenta provoc\u00f3 que las puertas traseras se abran y B\u00e9ccar pierda el control y se caiga al asfalto.<\/p>\n\n\n\n<p class=\"wp-block-paragraph\">De manera inmediata se dio aviso a las autoridades y la mujer fue derivada al Hospital Perrupato donde confirmaron que sufri\u00f3 una traumatismo enc\u00e9falo craneano (TEC) grave con hemorragia cerebral.<\/p>\n\n\n\n<p class=\"wp-block-paragraph\">Se confirm\u00f3 que la jubilada luego fue trasladada el Sanatorio Argentino, donde los m\u00e9dicos anunciaron su fallecimiento por un hematoma subdural.<\/p>\n\n\n\n<p class=\"wp-block-paragraph\">El caso qued\u00f3 judicializado y se busca saber la responsabilidad de los protagonistas de este fatal siniestro.<\/p>\n","protected":false},"excerpt":{"rendered":"<p>Una jubilada, de 85 a\u00f1os, muri\u00f3 en Mendoza tras caerse de un colectivo luego de que el chofer haya frenado de manera brusca para evitar un accidente. El siniestro tuvo lugar en la intersecci\u00f3n de las calles Belgrano y Viamonte cuando la v\u00edctima, identificada como Marta Lida B\u00e9ccar, no logr\u00f3 agarrarse cuando el colectivo fren\u00f3 repentinamente. Las autoridades explicaron que el veh\u00edculo de gran porte circulaba por la calle Belgrano cuando en la intersecci\u00f3n con Viamonte una camioneta pas\u00f3 a alta velocidad, motivo por el cual el chofer debi\u00f3 pisar&hellip;<\/p>\n","protected":false},"author":1,"featured_media":0,"comment_status":"closed","ping_status":"closed","sticky":false,"template":"","format":"standard","meta":{"footnotes":""},"categories":[4],"tags":[],"class_list":["post-14113","post","type-post","status-publish","format-standard","hentry","category-interes-general"],"rttpg_featured_image_url":null,"rttpg_author":{"display_name":"rober","author_link":"https:\/\/livingmultimediosde.net.ar\/INDEX\/author\/rober\/"},"rttpg_comment":0,"rttpg_category":"<a href=\"https:\/\/livingmultimediosde.net.ar\/INDEX\/category\/interes-general\/\" rel=\"category tag\">INTERES GENERAL<\/a>","rttpg_excerpt":"Una jubilada, de 85 a\u00f1os, muri\u00f3 en Mendoza tras caerse de un colectivo luego de que el chofer haya frenado de manera brusca para evitar un accidente. El siniestro tuvo lugar en la intersecci\u00f3n de las calles Belgrano y Viamonte cuando la v\u00edctima, identificada como Marta Lida B\u00e9ccar, no logr\u00f3 agarrarse cuando el colectivo fren\u00f3&hellip;","_links":{"self":[{"href":"https:\/\/livingmultimediosde.net.ar\/INDEX\/wp-json\/wp\/v2\/posts\/14113","targetHints":{"allow":["GET"]}}],"collection":[{"href":"https:\/\/livingmultimediosde.net.ar\/INDEX\/wp-json\/wp\/v2\/posts"}],"about":[{"href":"https:\/\/livingmultimediosde.net.ar\/INDEX\/wp-json\/wp\/v2\/types\/post"}],"author":[{"embeddable":true,"href":"https:\/\/livingmultimediosde.net.ar\/INDEX\/wp-json\/wp\/v2\/users\/1"}],"replies":[{"embeddable":true,"href":"https:\/\/livingmultimediosde.net.ar\/INDEX\/wp-json\/wp\/v2\/comments?post=14113"}],"version-history":[{"count":1,"href":"https:\/\/livingmultimediosde.net.ar\/INDEX\/wp-json\/wp\/v2\/posts\/14113\/revisions"}],"predecessor-version":[{"id":14115,"href":"https:\/\/livingmultimediosde.net.ar\/INDEX\/wp-json\/wp\/v2\/posts\/14113\/revisions\/14115"}],"wp:attachment":[{"href":"https:\/\/livingmultimediosde.net.ar\/INDEX\/wp-json\/wp\/v2\/media?parent=14113"}],"wp:term":[{"taxonomy":"category","embeddable":true,"href":"https:\/\/livingmultimediosde.net.ar\/INDEX\/wp-json\/wp\/v2\/categories?post=14113"},{"taxonomy":"post_tag","embeddable":true,"href":"https:\/\/livingmultimediosde.net.ar\/INDEX\/wp-json\/wp\/v2\/tags?post=14113"}],"curies":[{"name":"wp","href":"https:\/\/api.w.org\/{rel}","templated":true}]}}