{"id":14110,"date":"2025-05-11T06:13:52","date_gmt":"2025-05-11T06:13:52","guid":{"rendered":"https:\/\/livingmultimediosde.net.ar\/INDEX\/?p=14110"},"modified":"2025-05-11T06:14:19","modified_gmt":"2025-05-11T06:14:19","slug":"empanadas-con-pasaporte-europeo","status":"publish","type":"post","link":"https:\/\/livingmultimediosde.net.ar\/INDEX\/2025\/05\/empanadas-con-pasaporte-europeo\/","title":{"rendered":"Empanadas con pasaporte europeo"},"content":{"rendered":"\n<p class=\"wp-block-paragraph\">El Noble abri\u00f3 sus puertas para recibir a los embajadores de la Uni\u00f3n Europea, festejar el\u202fD\u00eda de Europa\u202fy estrenar sus flamantes certificaciones internacionales<\/p>\n\n\n\n<p class=\"wp-block-paragraph\">Banderas azules con estrellas doradas flamearon este martes, sobre los 7.000\u202fm\u00b2 de la planta de El\u202fNoble, en la provincia de Buenos Aires. All\u00ed, la pyme que naci\u00f3 amasando empanadas criollas recibi\u00f3 a seis embajadores europeos -y al propio representante de la UE (Amador\u202fS\u00e1nchez Rico)- para celebrar el\u202fD\u00eda de Europa y, de paso, brindar por las nuevas credenciales que le abren las puertas del Viejo\u202fMundo: las certificaciones FSSC\u202f22000 (seguridad alimentaria) y SMETA (\u00e9tica y sustentabilidad).<\/p>\n\n\n\n<p class=\"wp-block-paragraph\">Empanadas con pasaporte europeo<br>Los diplom\u00e1ticos, Amador\u202fS\u00e1nchez Rico (UE), Karl\u202fDhaene (B\u00e9lgica), Efstathios\u202fPaizis\u202fParadellis (Grecia), Gon\u00e7alo\u202fTeles\u202fGomes (Portugal), Dario\u202fSavoriti (Italia) y Peter\u202fNeven (Alemania), caminaron entre cintas transportadoras y c\u00e1maras de congelado, mientras t\u00e9cnicos de bata blanca repasaban controles de trazabilidad que ya cumplen los est\u00e1ndares europeos.<\/p>\n\n\n\n<p class=\"wp-block-paragraph\">El recorrido culmin\u00f3 en una mesa sin fronteras donde la harina habl\u00f3 todos los idiomas: pirok alem\u00e1n, carbonade flamande, empanada gallega y panzerotti italiano, cada bocado reinventado con la impronta criolla de\u202fEl\u202fNoble.<\/p>\n\n\n\n<p class=\"wp-block-paragraph\">Empanadas con pasaporte europeo<br>\u201cTrabajo serio que abre puertas\u201d<br>\u201cRecibir a los representantes de la Uni\u00f3n Europea en nuestra casa es un orgullo y una se\u00f1al clara de que el trabajo serio y sostenido abre puertas en los mercados m\u00e1s exigentes\u201d, celebr\u00f3 Gaspard\u202fHambuckers, CEO de Delicias\u202fArgentinas, holding de El\u202fNoble.<\/p>\n\n\n\n<p class=\"wp-block-paragraph\">Por su parte, Andrea Abbruzzese, CEO de El Noble, a\u00f1adi\u00f3: \u201cLas nuevas etiquetas refuerzan nuestro compromiso con la excelencia productiva, la trazabilidad y la responsabilidad social\u201d.<\/p>\n\n\n\n<p class=\"wp-block-paragraph\">De la esquina al continente<br>Nacida hace tres d\u00e9cadas con un local a la calle, El\u202fNoble exporta hoy a Chile, Uruguay y Paraguay. Con FSSC\u202f22000 y SMETA en la vidriera, la empresa podr\u00e1 vender sus productos ultracongelados a la UE sin barreras adicionales, en un mercado que consume 350\u202fmil millones de euros al a\u00f1o en alimentos listos para comer.<\/p>\n\n\n\n<p class=\"wp-block-paragraph\">Empanadas con pasaporte europeo<br>Un puente de harina y futuro<br>La visita form\u00f3 parte de la agenda oficial de la Delegaci\u00f3n de la Uni\u00f3n\u202fEuropea para estrechar lazos comerciales y culturales con Argentina. Mientras tanto, El\u202fNoble se despidi\u00f3 del D\u00eda de Europa con aroma a masa reci\u00e9n horneada y la vista puesta en un continente que ya lo espera en su mesa.<\/p>\n","protected":false},"excerpt":{"rendered":"<p>El Noble abri\u00f3 sus puertas para recibir a los embajadores de la Uni\u00f3n Europea, festejar el\u202fD\u00eda de Europa\u202fy estrenar sus flamantes certificaciones internacionales Banderas azules con estrellas doradas flamearon este martes, sobre los 7.000\u202fm\u00b2 de la planta de El\u202fNoble, en la provincia de Buenos Aires. All\u00ed, la pyme que naci\u00f3 amasando empanadas criollas recibi\u00f3 a seis embajadores europeos -y al propio representante de la UE (Amador\u202fS\u00e1nchez Rico)- para celebrar el\u202fD\u00eda de Europa y, de paso, brindar por las nuevas credenciales que le abren las puertas del Viejo\u202fMundo: las certificaciones FSSC\u202f22000&hellip;<\/p>\n","protected":false},"author":1,"featured_media":0,"comment_status":"closed","ping_status":"closed","sticky":false,"template":"","format":"standard","meta":{"footnotes":""},"categories":[4],"tags":[],"class_list":["post-14110","post","type-post","status-publish","format-standard","hentry","category-interes-general"],"rttpg_featured_image_url":null,"rttpg_author":{"display_name":"rober","author_link":"https:\/\/livingmultimediosde.net.ar\/INDEX\/author\/rober\/"},"rttpg_comment":0,"rttpg_category":"<a href=\"https:\/\/livingmultimediosde.net.ar\/INDEX\/category\/interes-general\/\" rel=\"category tag\">INTERES GENERAL<\/a>","rttpg_excerpt":"El Noble abri\u00f3 sus puertas para recibir a los embajadores de la Uni\u00f3n Europea, festejar el\u202fD\u00eda de Europa\u202fy estrenar sus flamantes certificaciones internacionales Banderas azules con estrellas doradas flamearon este martes, sobre los 7.000\u202fm\u00b2 de la planta de El\u202fNoble, en la provincia de Buenos Aires. All\u00ed, la pyme que naci\u00f3 amasando empanadas criollas recibi\u00f3 a&hellip;","_links":{"self":[{"href":"https:\/\/livingmultimediosde.net.ar\/INDEX\/wp-json\/wp\/v2\/posts\/14110","targetHints":{"allow":["GET"]}}],"collection":[{"href":"https:\/\/livingmultimediosde.net.ar\/INDEX\/wp-json\/wp\/v2\/posts"}],"about":[{"href":"https:\/\/livingmultimediosde.net.ar\/INDEX\/wp-json\/wp\/v2\/types\/post"}],"author":[{"embeddable":true,"href":"https:\/\/livingmultimediosde.net.ar\/INDEX\/wp-json\/wp\/v2\/users\/1"}],"replies":[{"embeddable":true,"href":"https:\/\/livingmultimediosde.net.ar\/INDEX\/wp-json\/wp\/v2\/comments?post=14110"}],"version-history":[{"count":1,"href":"https:\/\/livingmultimediosde.net.ar\/INDEX\/wp-json\/wp\/v2\/posts\/14110\/revisions"}],"predecessor-version":[{"id":14112,"href":"https:\/\/livingmultimediosde.net.ar\/INDEX\/wp-json\/wp\/v2\/posts\/14110\/revisions\/14112"}],"wp:attachment":[{"href":"https:\/\/livingmultimediosde.net.ar\/INDEX\/wp-json\/wp\/v2\/media?parent=14110"}],"wp:term":[{"taxonomy":"category","embeddable":true,"href":"https:\/\/livingmultimediosde.net.ar\/INDEX\/wp-json\/wp\/v2\/categories?post=14110"},{"taxonomy":"post_tag","embeddable":true,"href":"https:\/\/livingmultimediosde.net.ar\/INDEX\/wp-json\/wp\/v2\/tags?post=14110"}],"curies":[{"name":"wp","href":"https:\/\/api.w.org\/{rel}","templated":true}]}}