{"id":14092,"date":"2025-05-10T05:38:01","date_gmt":"2025-05-10T05:38:01","guid":{"rendered":"https:\/\/livingmultimediosde.net.ar\/INDEX\/?p=14092"},"modified":"2025-05-10T05:38:05","modified_gmt":"2025-05-10T05:38:05","slug":"transito-de-la-capital-informo-sobre-modificacion-en-el-sentido-de-calle-formosa-por-avance-de-obra-de-av-colon","status":"publish","type":"post","link":"https:\/\/livingmultimediosde.net.ar\/INDEX\/2025\/05\/transito-de-la-capital-informo-sobre-modificacion-en-el-sentido-de-calle-formosa-por-avance-de-obra-de-av-colon\/","title":{"rendered":"TR\u00c1NSITO DE LA CAPITAL INFORM\u00d3 SOBRE MODIFICACI\u00d3N EN EL SENTIDO DE CALLE FORMOSA POR AVANCE DE OBRA DE AV. COL\u00d3N"},"content":{"rendered":"\n<p class=\"wp-block-paragraph\">La Direcci\u00f3n de Tr\u00e1nsito y Transporte de la Municipalidad de la Capital inform\u00f3 que en virtud del avance de la obra de repavimentaci\u00f3n de la Avenida Col\u00f3n, se dispuso que a partir del lunes 12 de mayo, la calle Formosa tendr\u00e1 un sentido de circulaci\u00f3n de doble mano entre Avenida Moreno y Col\u00f3n.<br>Esta medida se adoptar\u00e1 \u00fanicamente durante el tiempo que se localice la obra en ese sector. Asimismo, la calle Formosa desde Col\u00f3n hacia el sector oeste continuar\u00e1 manteniendo la doble mano.<br>Por su parte, la l\u00ednea de colectivos 118, de oeste a este tendr\u00e1 el siguiente recorrido: Formosa hasta Moreno, Maip\u00fa y luego recorrido habitual.<br>La dependencia reiter\u00f3 a los automovilistas y vecinos que tengan en cuenta la informaci\u00f3n que se emite peri\u00f3dicamente sobre la circulaci\u00f3n en esa zona de la ciudad, ya que el adelanto de la obra de repavimentaci\u00f3n de Avenida Col\u00f3n va modificando los cruces habilitados y los desv\u00edos para el tr\u00e1nsito.<\/p>\n","protected":false},"excerpt":{"rendered":"<p>La Direcci\u00f3n de Tr\u00e1nsito y Transporte de la Municipalidad de la Capital inform\u00f3 que en virtud del avance de la obra de repavimentaci\u00f3n de la Avenida Col\u00f3n, se dispuso que a partir del lunes 12 de mayo, la calle Formosa tendr\u00e1 un sentido de circulaci\u00f3n de doble mano entre Avenida Moreno y Col\u00f3n.Esta medida se adoptar\u00e1 \u00fanicamente durante el tiempo que se localice la obra en ese sector. Asimismo, la calle Formosa desde Col\u00f3n hacia el sector oeste continuar\u00e1 manteniendo la doble mano.Por su parte, la l\u00ednea de colectivos 118,&hellip;<\/p>\n","protected":false},"author":1,"featured_media":0,"comment_status":"closed","ping_status":"closed","sticky":false,"template":"","format":"standard","meta":{"footnotes":""},"categories":[9],"tags":[],"class_list":["post-14092","post","type-post","status-publish","format-standard","hentry","category-noticias"],"rttpg_featured_image_url":null,"rttpg_author":{"display_name":"rober","author_link":"https:\/\/livingmultimediosde.net.ar\/INDEX\/author\/rober\/"},"rttpg_comment":0,"rttpg_category":"<a href=\"https:\/\/livingmultimediosde.net.ar\/INDEX\/category\/noticias\/\" rel=\"category tag\">NOTICIAS<\/a>","rttpg_excerpt":"La Direcci\u00f3n de Tr\u00e1nsito y Transporte de la Municipalidad de la Capital inform\u00f3 que en virtud del avance de la obra de repavimentaci\u00f3n de la Avenida Col\u00f3n, se dispuso que a partir del lunes 12 de mayo, la calle Formosa tendr\u00e1 un sentido de circulaci\u00f3n de doble mano entre Avenida Moreno y Col\u00f3n.Esta medida se&hellip;","_links":{"self":[{"href":"https:\/\/livingmultimediosde.net.ar\/INDEX\/wp-json\/wp\/v2\/posts\/14092","targetHints":{"allow":["GET"]}}],"collection":[{"href":"https:\/\/livingmultimediosde.net.ar\/INDEX\/wp-json\/wp\/v2\/posts"}],"about":[{"href":"https:\/\/livingmultimediosde.net.ar\/INDEX\/wp-json\/wp\/v2\/types\/post"}],"author":[{"embeddable":true,"href":"https:\/\/livingmultimediosde.net.ar\/INDEX\/wp-json\/wp\/v2\/users\/1"}],"replies":[{"embeddable":true,"href":"https:\/\/livingmultimediosde.net.ar\/INDEX\/wp-json\/wp\/v2\/comments?post=14092"}],"version-history":[{"count":1,"href":"https:\/\/livingmultimediosde.net.ar\/INDEX\/wp-json\/wp\/v2\/posts\/14092\/revisions"}],"predecessor-version":[{"id":14094,"href":"https:\/\/livingmultimediosde.net.ar\/INDEX\/wp-json\/wp\/v2\/posts\/14092\/revisions\/14094"}],"wp:attachment":[{"href":"https:\/\/livingmultimediosde.net.ar\/INDEX\/wp-json\/wp\/v2\/media?parent=14092"}],"wp:term":[{"taxonomy":"category","embeddable":true,"href":"https:\/\/livingmultimediosde.net.ar\/INDEX\/wp-json\/wp\/v2\/categories?post=14092"},{"taxonomy":"post_tag","embeddable":true,"href":"https:\/\/livingmultimediosde.net.ar\/INDEX\/wp-json\/wp\/v2\/tags?post=14092"}],"curies":[{"name":"wp","href":"https:\/\/api.w.org\/{rel}","templated":true}]}}