{"id":14089,"date":"2025-05-10T05:35:31","date_gmt":"2025-05-10T05:35:31","guid":{"rendered":"https:\/\/livingmultimediosde.net.ar\/INDEX\/?p=14089"},"modified":"2025-05-10T05:35:35","modified_gmt":"2025-05-10T05:35:35","slug":"la-intendente-fuentes-superviso-la-obra-de-reposicion-de-5000-metros-del-alumbrado-publico-vandalizado-en-la-costanera-sur","status":"publish","type":"post","link":"https:\/\/livingmultimediosde.net.ar\/INDEX\/2025\/05\/la-intendente-fuentes-superviso-la-obra-de-reposicion-de-5000-metros-del-alumbrado-publico-vandalizado-en-la-costanera-sur\/","title":{"rendered":"LA INTENDENTE FUENTES SUPERVIS\u00d3 LA OBRA DE REPOSICI\u00d3N DE 5000 METROS DEL ALUMBRADO P\u00daBLICO VANDALIZADO EN LA COSTANERA SUR"},"content":{"rendered":"\n<p class=\"wp-block-paragraph\">La intendente de la Capital, Ing. Norma Fuentes, supervis\u00f3 la obra de restauraci\u00f3n del alumbrado p\u00fablico de la Costanera Sur, desde el Camino de San Esteban hasta la comisar\u00eda La Costa, con el prop\u00f3sito de recuperar las luminarias vandalizadas.<br>A cargo de la Direcci\u00f3n de Electricidad, las tareas incluyen la instalaci\u00f3n de nuevo cableado a\u00e9reo y conexiones en altura, el armado de comandos, la colocaci\u00f3n de nuevos artefactos de iluminaci\u00f3n y el acondicionamiento de columnas.<br>La jefa comunal indic\u00f3 que \u00abpor los reiterados actos de vandalismo registrados en este sector, se tom\u00f3 la decisi\u00f3n de cambiar el sistema de cableado subterr\u00e1neo por uno a\u00e9reo, buscando garantizar que el alumbrado no se vea afectado\u00bb.<br>\u00abLas nuevas luminarias son aptas para telegesti\u00f3n y representan 60 cuadras recuperadas que se integran al porcentaje de reconversi\u00f3n de toda la ciudad, procurando que el servicio se preste con normalidad, sin interrupciones\u00bb, agreg\u00f3.<br>\u00abSe trata de una avenida por la que diariamente circulan muchos vecinos que residen en la zona sur, por lo que es fundamental que cuidemos entre todos el patrimonio urbano para que la v\u00eda p\u00fablica est\u00e9 en buenas condiciones\u00bb, se\u00f1al\u00f3 la Ing. Fuentes.<br>De esta manera, se cubrir\u00e1n en este corredor urbano m\u00e1s de 5000 metros lineales, restaurando m\u00e1s de 200 columnas con pescantes simples, colocando m\u00e1s de 200 artefactos led de \u00faltima generaci\u00f3n de 150 watts y empleando m\u00e1s de 6000 metros de cable.<\/p>\n","protected":false},"excerpt":{"rendered":"<p>La intendente de la Capital, Ing. Norma Fuentes, supervis\u00f3 la obra de restauraci\u00f3n del alumbrado p\u00fablico de la Costanera Sur, desde el Camino de San Esteban hasta la comisar\u00eda La Costa, con el prop\u00f3sito de recuperar las luminarias vandalizadas.A cargo de la Direcci\u00f3n de Electricidad, las tareas incluyen la instalaci\u00f3n de nuevo cableado a\u00e9reo y conexiones en altura, el armado de comandos, la colocaci\u00f3n de nuevos artefactos de iluminaci\u00f3n y el acondicionamiento de columnas.La jefa comunal indic\u00f3 que \u00abpor los reiterados actos de vandalismo registrados en este sector, se tom\u00f3&hellip;<\/p>\n","protected":false},"author":1,"featured_media":0,"comment_status":"closed","ping_status":"closed","sticky":false,"template":"","format":"standard","meta":{"footnotes":""},"categories":[9],"tags":[],"class_list":["post-14089","post","type-post","status-publish","format-standard","hentry","category-noticias"],"rttpg_featured_image_url":null,"rttpg_author":{"display_name":"rober","author_link":"https:\/\/livingmultimediosde.net.ar\/INDEX\/author\/rober\/"},"rttpg_comment":0,"rttpg_category":"<a href=\"https:\/\/livingmultimediosde.net.ar\/INDEX\/category\/noticias\/\" rel=\"category tag\">NOTICIAS<\/a>","rttpg_excerpt":"La intendente de la Capital, Ing. Norma Fuentes, supervis\u00f3 la obra de restauraci\u00f3n del alumbrado p\u00fablico de la Costanera Sur, desde el Camino de San Esteban hasta la comisar\u00eda La Costa, con el prop\u00f3sito de recuperar las luminarias vandalizadas.A cargo de la Direcci\u00f3n de Electricidad, las tareas incluyen la instalaci\u00f3n de nuevo cableado a\u00e9reo y&hellip;","_links":{"self":[{"href":"https:\/\/livingmultimediosde.net.ar\/INDEX\/wp-json\/wp\/v2\/posts\/14089","targetHints":{"allow":["GET"]}}],"collection":[{"href":"https:\/\/livingmultimediosde.net.ar\/INDEX\/wp-json\/wp\/v2\/posts"}],"about":[{"href":"https:\/\/livingmultimediosde.net.ar\/INDEX\/wp-json\/wp\/v2\/types\/post"}],"author":[{"embeddable":true,"href":"https:\/\/livingmultimediosde.net.ar\/INDEX\/wp-json\/wp\/v2\/users\/1"}],"replies":[{"embeddable":true,"href":"https:\/\/livingmultimediosde.net.ar\/INDEX\/wp-json\/wp\/v2\/comments?post=14089"}],"version-history":[{"count":1,"href":"https:\/\/livingmultimediosde.net.ar\/INDEX\/wp-json\/wp\/v2\/posts\/14089\/revisions"}],"predecessor-version":[{"id":14091,"href":"https:\/\/livingmultimediosde.net.ar\/INDEX\/wp-json\/wp\/v2\/posts\/14089\/revisions\/14091"}],"wp:attachment":[{"href":"https:\/\/livingmultimediosde.net.ar\/INDEX\/wp-json\/wp\/v2\/media?parent=14089"}],"wp:term":[{"taxonomy":"category","embeddable":true,"href":"https:\/\/livingmultimediosde.net.ar\/INDEX\/wp-json\/wp\/v2\/categories?post=14089"},{"taxonomy":"post_tag","embeddable":true,"href":"https:\/\/livingmultimediosde.net.ar\/INDEX\/wp-json\/wp\/v2\/tags?post=14089"}],"curies":[{"name":"wp","href":"https:\/\/api.w.org\/{rel}","templated":true}]}}