{"id":14073,"date":"2025-05-09T16:29:54","date_gmt":"2025-05-09T16:29:54","guid":{"rendered":"https:\/\/livingmultimediosde.net.ar\/INDEX\/?p=14073"},"modified":"2025-05-09T16:35:25","modified_gmt":"2025-05-09T16:35:25","slug":"tragedia-aerea-en-chile-se-accidento-una-avioneta-ambulancia-y-la-hallaron-sin-sobrevivientes","status":"publish","type":"post","link":"https:\/\/livingmultimediosde.net.ar\/INDEX\/2025\/05\/tragedia-aerea-en-chile-se-accidento-una-avioneta-ambulancia-y-la-hallaron-sin-sobrevivientes\/","title":{"rendered":"Tragedia a\u00e9rea en Chile: se accident\u00f3 una avioneta ambulancia y la hallaron sin sobrevivientes"},"content":{"rendered":"\n<p class=\"wp-block-paragraph\">Una avioneta ambulancia que perdi\u00f3 comunicaci\u00f3n mientras viajaba desde la zona central de Chile hacia el norte con seis personas a bordo, fue encontrada este jueves estrellada y sin sobrevivientes, informaron las autoridades.<\/p>\n\n\n\n<p class=\"wp-block-paragraph\">El avi\u00f3n viajaba desde Santiago hacia la ciudad norte\u00f1a de Arica la tarde del mi\u00e9rcoles, inform\u00f3 la Direcci\u00f3n General de Aeron\u00e1utica Civil (DGAC).<\/p>\n\n\n\n<p class=\"wp-block-paragraph\"><br>\u00abEntregamos nuestras condolencias a los familiares, amigos, a todos aquellos que sufren la partida de estos seis compatriotas\u00bb, expres\u00f3 a los medios de comunicaci\u00f3n el delegado presidencial de la Regi\u00f3n Metropolitana, Gonzalo Dur\u00e1n.<\/p>\n\n\n\n<p class=\"wp-block-paragraph\">Dur\u00e1n afirm\u00f3 que \u00aben una jornada extendida, se han desplegado todas las capacidades del Estado con el prop\u00f3sito de establecer d\u00f3nde se encontraba la aeronave que capot\u00f3 y las personas que estaban en su interior\u00bb.<\/p>\n\n\n\n<p class=\"wp-block-paragraph\">La Fuerza A\u00e9rea de Chile (FACH) comunic\u00f3 este jueves a la prensa \u00abel hallazgo del avi\u00f3n ambulancia civil Piper Cheyenne II, matr\u00edcula CC-CCC, extraviado el mi\u00e9rcoles 7 de mayo\u00bb.<\/p>\n\n\n\n<p class=\"wp-block-paragraph\">La FACH se\u00f1al\u00f3 que la aeronave siniestrada fue localizada por la tripulaci\u00f3n de un helic\u00f3ptero MH-60M Black Hawk, en la localidad de Curacav\u00ed, en las afueras de la capital Santiago.<\/p>\n\n\n\n<p class=\"wp-block-paragraph\">La ubicaci\u00f3n de este municipio de la regi\u00f3n Metropolitana, entre cerros y quebradas de la Cordillera de la Costa, sumado a las fuertes lluvias de esta jornada, dificultaron la b\u00fasqueda de los equipos especializados.<\/p>\n\n\n\n<p class=\"wp-block-paragraph\">La Fiscal\u00eda y los organismos de emergencia trabajan para determinar las causas del accidente y trasladar los cuerpos de las personas.<\/p>\n","protected":false},"excerpt":{"rendered":"<p>Una avioneta ambulancia que perdi\u00f3 comunicaci\u00f3n mientras viajaba desde la zona central de Chile hacia el norte con seis personas a bordo, fue encontrada este jueves estrellada y sin sobrevivientes, informaron las autoridades. El avi\u00f3n viajaba desde Santiago hacia la ciudad norte\u00f1a de Arica la tarde del mi\u00e9rcoles, inform\u00f3 la Direcci\u00f3n General de Aeron\u00e1utica Civil (DGAC). \u00abEntregamos nuestras condolencias a los familiares, amigos, a todos aquellos que sufren la partida de estos seis compatriotas\u00bb, expres\u00f3 a los medios de comunicaci\u00f3n el delegado presidencial de la Regi\u00f3n Metropolitana, Gonzalo Dur\u00e1n. Dur\u00e1n&hellip;<\/p>\n","protected":false},"author":1,"featured_media":0,"comment_status":"closed","ping_status":"closed","sticky":false,"template":"","format":"standard","meta":{"footnotes":""},"categories":[4],"tags":[],"class_list":["post-14073","post","type-post","status-publish","format-standard","hentry","category-interes-general"],"rttpg_featured_image_url":null,"rttpg_author":{"display_name":"rober","author_link":"https:\/\/livingmultimediosde.net.ar\/INDEX\/author\/rober\/"},"rttpg_comment":0,"rttpg_category":"<a href=\"https:\/\/livingmultimediosde.net.ar\/INDEX\/category\/interes-general\/\" rel=\"category tag\">INTERES GENERAL<\/a>","rttpg_excerpt":"Una avioneta ambulancia que perdi\u00f3 comunicaci\u00f3n mientras viajaba desde la zona central de Chile hacia el norte con seis personas a bordo, fue encontrada este jueves estrellada y sin sobrevivientes, informaron las autoridades. El avi\u00f3n viajaba desde Santiago hacia la ciudad norte\u00f1a de Arica la tarde del mi\u00e9rcoles, inform\u00f3 la Direcci\u00f3n General de Aeron\u00e1utica Civil&hellip;","_links":{"self":[{"href":"https:\/\/livingmultimediosde.net.ar\/INDEX\/wp-json\/wp\/v2\/posts\/14073","targetHints":{"allow":["GET"]}}],"collection":[{"href":"https:\/\/livingmultimediosde.net.ar\/INDEX\/wp-json\/wp\/v2\/posts"}],"about":[{"href":"https:\/\/livingmultimediosde.net.ar\/INDEX\/wp-json\/wp\/v2\/types\/post"}],"author":[{"embeddable":true,"href":"https:\/\/livingmultimediosde.net.ar\/INDEX\/wp-json\/wp\/v2\/users\/1"}],"replies":[{"embeddable":true,"href":"https:\/\/livingmultimediosde.net.ar\/INDEX\/wp-json\/wp\/v2\/comments?post=14073"}],"version-history":[{"count":2,"href":"https:\/\/livingmultimediosde.net.ar\/INDEX\/wp-json\/wp\/v2\/posts\/14073\/revisions"}],"predecessor-version":[{"id":14076,"href":"https:\/\/livingmultimediosde.net.ar\/INDEX\/wp-json\/wp\/v2\/posts\/14073\/revisions\/14076"}],"wp:attachment":[{"href":"https:\/\/livingmultimediosde.net.ar\/INDEX\/wp-json\/wp\/v2\/media?parent=14073"}],"wp:term":[{"taxonomy":"category","embeddable":true,"href":"https:\/\/livingmultimediosde.net.ar\/INDEX\/wp-json\/wp\/v2\/categories?post=14073"},{"taxonomy":"post_tag","embeddable":true,"href":"https:\/\/livingmultimediosde.net.ar\/INDEX\/wp-json\/wp\/v2\/tags?post=14073"}],"curies":[{"name":"wp","href":"https:\/\/api.w.org\/{rel}","templated":true}]}}