{"id":14065,"date":"2025-05-09T00:36:11","date_gmt":"2025-05-09T00:36:11","guid":{"rendered":"https:\/\/livingmultimediosde.net.ar\/INDEX\/?p=14065"},"modified":"2025-05-09T00:36:38","modified_gmt":"2025-05-09T00:36:38","slug":"la-intendente-fuentes-destaco-la-tarea-del-personal-de-recoleccion-y-limpieza-al-entregar-nuevos-uniformes","status":"publish","type":"post","link":"https:\/\/livingmultimediosde.net.ar\/INDEX\/2025\/05\/la-intendente-fuentes-destaco-la-tarea-del-personal-de-recoleccion-y-limpieza-al-entregar-nuevos-uniformes\/","title":{"rendered":"LA INTENDENTE FUENTES DESTAC\u00d3 LA TAREA DEL PERSONAL DE RECOLECCI\u00d3N Y LIMPIEZA AL ENTREGAR NUEVOS UNIFORMES"},"content":{"rendered":"\n<p class=\"wp-block-paragraph\">La intendente de la Capital, Ing. Norma Fuentes, entreg\u00f3 nuevos uniformes de trabajo al personal de los Centros Operativos N\u00b0 0, 2, 3, 5 y 8, de quienes valor\u00f3 su compromiso con la recolecci\u00f3n de residuos y el mantenimiento los espacios de uso de la comunidad.<\/p>\n\n\n\n<p class=\"wp-block-paragraph\">En el acto simb\u00f3lico realizado en las instalaciones del Centro Operativo N\u00b0 2, se otorgaron botines de seguridad y camisas y pantalones de grafa de color naranja fl\u00faor con cintas reflectivas a m\u00e1s de 800 empleados.<\/p>\n\n\n\n<p class=\"wp-block-paragraph\">\u00abMantener en buenas condiciones esta ciudad que crece cada vez m\u00e1s r\u00e1pido, requiere de un mayor esfuerzo de parte de ustedes, que muchas veces llevan adelante tareas que exceden sus funciones propias para cumplir con las demandas de los vecinos\u00bb, indic\u00f3 la jefa comunal.<\/p>\n\n\n\n<p class=\"wp-block-paragraph\">\u00abEn un contexto econ\u00f3mico tan dif\u00edcil como el actual, es fundamental que valoremos la oportunidad de tener trabajo y lo honremos haciendo con eficiencia lo que nos corresponde hacer\u00bb, se\u00f1al\u00f3.<\/p>\n\n\n\n<p class=\"wp-block-paragraph\">La Ing. Fuentes tambi\u00e9n destac\u00f3 \u00abla importancia de que la poblaci\u00f3n respete la labor de los empleados municipales sacando los residuos en los horarios pertinentes y no ensuciando la v\u00eda p\u00fablica, colaborando entre todos para que la ciudad est\u00e9 siempre limpia y ordenada\u00bb.<\/p>\n\n\n\n<p class=\"wp-block-paragraph\">Por su parte, el director de Servicios Urbanos, H\u00e9ctor Batalla, reconoci\u00f3 \u00abel sentimiento de pertenencia de cada empleado a la gran familia municipal, que con este uniforme nuevo podr\u00e1 generar mayor visibilizaci\u00f3n y reconocimiento por parte de la comunidad\u00bb. Adem\u00e1s destac\u00f3 el acompa\u00f1amiento continuo de la intendente Fuentes hacia repartici\u00f3n y a sus trabajadores.<\/p>\n","protected":false},"excerpt":{"rendered":"<p>La intendente de la Capital, Ing. Norma Fuentes, entreg\u00f3 nuevos uniformes de trabajo al personal de los Centros Operativos N\u00b0 0, 2, 3, 5 y 8, de quienes valor\u00f3 su compromiso con la recolecci\u00f3n de residuos y el mantenimiento los espacios de uso de la comunidad. En el acto simb\u00f3lico realizado en las instalaciones del Centro Operativo N\u00b0 2, se otorgaron botines de seguridad y camisas y pantalones de grafa de color naranja fl\u00faor con cintas reflectivas a m\u00e1s de 800 empleados. \u00abMantener en buenas condiciones esta ciudad que crece&hellip;<\/p>\n","protected":false},"author":1,"featured_media":0,"comment_status":"closed","ping_status":"closed","sticky":false,"template":"","format":"standard","meta":{"footnotes":""},"categories":[9],"tags":[],"class_list":["post-14065","post","type-post","status-publish","format-standard","hentry","category-noticias"],"rttpg_featured_image_url":null,"rttpg_author":{"display_name":"rober","author_link":"https:\/\/livingmultimediosde.net.ar\/INDEX\/author\/rober\/"},"rttpg_comment":0,"rttpg_category":"<a href=\"https:\/\/livingmultimediosde.net.ar\/INDEX\/category\/noticias\/\" rel=\"category tag\">NOTICIAS<\/a>","rttpg_excerpt":"La intendente de la Capital, Ing. Norma Fuentes, entreg\u00f3 nuevos uniformes de trabajo al personal de los Centros Operativos N\u00b0 0, 2, 3, 5 y 8, de quienes valor\u00f3 su compromiso con la recolecci\u00f3n de residuos y el mantenimiento los espacios de uso de la comunidad. En el acto simb\u00f3lico realizado en las instalaciones del&hellip;","_links":{"self":[{"href":"https:\/\/livingmultimediosde.net.ar\/INDEX\/wp-json\/wp\/v2\/posts\/14065","targetHints":{"allow":["GET"]}}],"collection":[{"href":"https:\/\/livingmultimediosde.net.ar\/INDEX\/wp-json\/wp\/v2\/posts"}],"about":[{"href":"https:\/\/livingmultimediosde.net.ar\/INDEX\/wp-json\/wp\/v2\/types\/post"}],"author":[{"embeddable":true,"href":"https:\/\/livingmultimediosde.net.ar\/INDEX\/wp-json\/wp\/v2\/users\/1"}],"replies":[{"embeddable":true,"href":"https:\/\/livingmultimediosde.net.ar\/INDEX\/wp-json\/wp\/v2\/comments?post=14065"}],"version-history":[{"count":1,"href":"https:\/\/livingmultimediosde.net.ar\/INDEX\/wp-json\/wp\/v2\/posts\/14065\/revisions"}],"predecessor-version":[{"id":14067,"href":"https:\/\/livingmultimediosde.net.ar\/INDEX\/wp-json\/wp\/v2\/posts\/14065\/revisions\/14067"}],"wp:attachment":[{"href":"https:\/\/livingmultimediosde.net.ar\/INDEX\/wp-json\/wp\/v2\/media?parent=14065"}],"wp:term":[{"taxonomy":"category","embeddable":true,"href":"https:\/\/livingmultimediosde.net.ar\/INDEX\/wp-json\/wp\/v2\/categories?post=14065"},{"taxonomy":"post_tag","embeddable":true,"href":"https:\/\/livingmultimediosde.net.ar\/INDEX\/wp-json\/wp\/v2\/tags?post=14065"}],"curies":[{"name":"wp","href":"https:\/\/api.w.org\/{rel}","templated":true}]}}