{"id":14062,"date":"2025-05-09T00:29:07","date_gmt":"2025-05-09T00:29:07","guid":{"rendered":"https:\/\/livingmultimediosde.net.ar\/INDEX\/?p=14062"},"modified":"2025-05-09T00:29:16","modified_gmt":"2025-05-09T00:29:16","slug":"importante-taller-sobre-mecanica-de-vehiculos-de-la-actc-en-las-termas-de-rio-hondo","status":"publish","type":"post","link":"https:\/\/livingmultimediosde.net.ar\/INDEX\/2025\/05\/importante-taller-sobre-mecanica-de-vehiculos-de-la-actc-en-las-termas-de-rio-hondo\/","title":{"rendered":"IMPORTANTE TALLER SOBRE MEC\u00c1NICA DE VEH\u00cdCULOS DE LA ACTC EN LAS TERMAS DE R\u00cdO HONDO"},"content":{"rendered":"\n<p class=\"wp-block-paragraph\">Con una concurrida participaci\u00f3n de estudiantes y mec\u00e1nicos, comenz\u00f3 este jueves un taller sobre mec\u00e1nica de veh\u00edculos ACTC, en la Escuela T\u00e9cnica N \u00b0 7 de la ciudad de Las Termas de R\u00edo Hondo.<br>El mismo estuvo organizado por el Departamento de Educaci\u00f3n de la Asociaci\u00f3n Corredores de Turismo Carretera (ACTC), en conjunto con el Ministerio de Educaci\u00f3n y la Municipalidad de Las Termas.<br>Estuvieron presentes en esta ocasi\u00f3n el subsecretario de Educaci\u00f3n, Alejandro P\u00edccoli, y el secretario de la ACTC, Facundo Gil Bicella.<br>M\u00e1s de 120 alumnos recibieron una introducci\u00f3n al automovilismo y conocieron detalles t\u00e9cnicos del Turismo Carretera, tales como las caracter\u00edsticas de los veh\u00edculos y su preparaci\u00f3n para la competici\u00f3n.<br>El objetivo fue brindar herramientas b\u00e1sicas para comprender las diferencias entre las categor\u00edas ACTC y el armado de los autos de carrera.<br>En esta oportunidad, Gil Bicella, su satisfacci\u00f3n por esta actividad que se desarrolla como previa de una nueva fecha del Turismo Carretera en el Aut\u00f3dromo Internacional de Las Termas.<br>\u00abHoy se llev\u00f3 a cabo el taller de mec\u00e1nica con profesionales de la ACTC, y este viernes continuaremos con una jornada de concientizaci\u00f3n sobre educaci\u00f3n vial, tan necesaria para todos los argentinos\u201d, dijo Gil Bicella.<br>Por su parte, P\u00edccoli consider\u00f3 que \u201ces muy valioso que se generen estos espacios educativos, donde se pudo ver a alumnos interactuar directamente con autos de carrera y conocer su mec\u00e1nica\u00bb.<\/p>\n","protected":false},"excerpt":{"rendered":"<p>Con una concurrida participaci\u00f3n de estudiantes y mec\u00e1nicos, comenz\u00f3 este jueves un taller sobre mec\u00e1nica de veh\u00edculos ACTC, en la Escuela T\u00e9cnica N \u00b0 7 de la ciudad de Las Termas de R\u00edo Hondo.El mismo estuvo organizado por el Departamento de Educaci\u00f3n de la Asociaci\u00f3n Corredores de Turismo Carretera (ACTC), en conjunto con el Ministerio de Educaci\u00f3n y la Municipalidad de Las Termas.Estuvieron presentes en esta ocasi\u00f3n el subsecretario de Educaci\u00f3n, Alejandro P\u00edccoli, y el secretario de la ACTC, Facundo Gil Bicella.M\u00e1s de 120 alumnos recibieron una introducci\u00f3n al automovilismo&hellip;<\/p>\n","protected":false},"author":1,"featured_media":0,"comment_status":"closed","ping_status":"closed","sticky":false,"template":"","format":"standard","meta":{"footnotes":""},"categories":[9],"tags":[],"class_list":["post-14062","post","type-post","status-publish","format-standard","hentry","category-noticias"],"rttpg_featured_image_url":null,"rttpg_author":{"display_name":"rober","author_link":"https:\/\/livingmultimediosde.net.ar\/INDEX\/author\/rober\/"},"rttpg_comment":0,"rttpg_category":"<a href=\"https:\/\/livingmultimediosde.net.ar\/INDEX\/category\/noticias\/\" rel=\"category tag\">NOTICIAS<\/a>","rttpg_excerpt":"Con una concurrida participaci\u00f3n de estudiantes y mec\u00e1nicos, comenz\u00f3 este jueves un taller sobre mec\u00e1nica de veh\u00edculos ACTC, en la Escuela T\u00e9cnica N \u00b0 7 de la ciudad de Las Termas de R\u00edo Hondo.El mismo estuvo organizado por el Departamento de Educaci\u00f3n de la Asociaci\u00f3n Corredores de Turismo Carretera (ACTC), en conjunto con el Ministerio&hellip;","_links":{"self":[{"href":"https:\/\/livingmultimediosde.net.ar\/INDEX\/wp-json\/wp\/v2\/posts\/14062","targetHints":{"allow":["GET"]}}],"collection":[{"href":"https:\/\/livingmultimediosde.net.ar\/INDEX\/wp-json\/wp\/v2\/posts"}],"about":[{"href":"https:\/\/livingmultimediosde.net.ar\/INDEX\/wp-json\/wp\/v2\/types\/post"}],"author":[{"embeddable":true,"href":"https:\/\/livingmultimediosde.net.ar\/INDEX\/wp-json\/wp\/v2\/users\/1"}],"replies":[{"embeddable":true,"href":"https:\/\/livingmultimediosde.net.ar\/INDEX\/wp-json\/wp\/v2\/comments?post=14062"}],"version-history":[{"count":1,"href":"https:\/\/livingmultimediosde.net.ar\/INDEX\/wp-json\/wp\/v2\/posts\/14062\/revisions"}],"predecessor-version":[{"id":14064,"href":"https:\/\/livingmultimediosde.net.ar\/INDEX\/wp-json\/wp\/v2\/posts\/14062\/revisions\/14064"}],"wp:attachment":[{"href":"https:\/\/livingmultimediosde.net.ar\/INDEX\/wp-json\/wp\/v2\/media?parent=14062"}],"wp:term":[{"taxonomy":"category","embeddable":true,"href":"https:\/\/livingmultimediosde.net.ar\/INDEX\/wp-json\/wp\/v2\/categories?post=14062"},{"taxonomy":"post_tag","embeddable":true,"href":"https:\/\/livingmultimediosde.net.ar\/INDEX\/wp-json\/wp\/v2\/tags?post=14062"}],"curies":[{"name":"wp","href":"https:\/\/api.w.org\/{rel}","templated":true}]}}