{"id":14059,"date":"2025-05-09T00:18:25","date_gmt":"2025-05-09T00:18:25","guid":{"rendered":"https:\/\/livingmultimediosde.net.ar\/INDEX\/?p=14059"},"modified":"2025-05-09T00:18:34","modified_gmt":"2025-05-09T00:18:34","slug":"firman-convenio-de-cooperacion-y-asistencia-tecnica-entre-la-cartera-de-salud-y-el-instituto-san-martin-de-porres-2","status":"publish","type":"post","link":"https:\/\/livingmultimediosde.net.ar\/INDEX\/2025\/05\/firman-convenio-de-cooperacion-y-asistencia-tecnica-entre-la-cartera-de-salud-y-el-instituto-san-martin-de-porres-2\/","title":{"rendered":"Firman convenio de cooperaci\u00f3n y asistencia t\u00e9cnica entre la cartera de Salud y el Instituto San Mart\u00edn de Porres"},"content":{"rendered":"\n<p class=\"wp-block-paragraph\">El Ministerio de Salud de Santiago del Estero y el Instituto San Mart\u00edn de Porres firmaron hoy un importante Convenio de Cooperaci\u00f3n y Asistencia T\u00e9cnica Institucional destinado a coordinar acciones conjuntas para el desarrollo de programas y proyectos de formaci\u00f3n, cooperaci\u00f3n, investigaci\u00f3n y extensi\u00f3n de mutuo inter\u00e9s.<\/p>\n\n\n\n<p class=\"wp-block-paragraph\">La firma del convenio estuvo encabezada por la Ministra de Salud, Natividad Nassif, el secretario de salud, Gustavo Sabalza y la Rectora del Instituto San Mart\u00edn de Porres, Mar\u00eda Alejandrina Bel\u00f3n, junto a Andrea Dorado, directora del Hospital Independencia y Mart\u00edn Abbutti, director del Hospital Gumersindo Sayago. Tambi\u00e9n estuvieron presentes la Directora de Atenci\u00f3n M\u00e9dica, Stella Maris Arga\u00f1araz, el Director M\u00e9dico del Hospital Regional, N\u00e9stor Fushimi, y la Directora del Centro de Salud Mama Antula, Nora Montes.<\/p>\n\n\n\n<p class=\"wp-block-paragraph\">El acuerdo tiene como eje central el establecimiento de pr\u00e1cticas profesionalizantes para los alumnos de las Tecnicaturas en Radiolog\u00eda, Instrumentaci\u00f3n Quir\u00fargica, Laboratorio, Hemoterapia y Trabajo Social. Estas pr\u00e1cticas se llevar\u00e1n a cabo en el Hospital Independencia y en el Hospital \u201cGumersindo Sayago\u201d, permitiendo a los estudiantes entrar en contacto directo con el \u00e1mbito profesional, adquirir experiencia pr\u00e1ctica vinculada a su especialidad y perfeccionar sus conocimientos te\u00f3ricos, lo que les brindar\u00e1 herramientas clave para su futuro desempe\u00f1o laboral.<\/p>\n\n\n\n<p class=\"wp-block-paragraph\">Los objetivos fundamentales de este convenio son brindar experiencia pr\u00e1ctica complementaria a la formaci\u00f3n te\u00f3rica elegida, habilitando a los estudiantes para el ejercicio de la profesi\u00f3n. Y formar a los estudiantes en aspectos que les ser\u00e1n de utilidad en su posterior b\u00fasqueda laboral.<\/p>\n\n\n\n<p class=\"wp-block-paragraph\">Este convenio refleja el compromiso conjunto del Ministerio de Salud y del Instituto San Mart\u00edn de Porres con la formaci\u00f3n de calidad, el fortalecimiento de capacidades y la generaci\u00f3n de oportunidades concretas para los futuros profesionales de la salud en Santiago del Estero.<\/p>\n","protected":false},"excerpt":{"rendered":"<p>El Ministerio de Salud de Santiago del Estero y el Instituto San Mart\u00edn de Porres firmaron hoy un importante Convenio de Cooperaci\u00f3n y Asistencia T\u00e9cnica Institucional destinado a coordinar acciones conjuntas para el desarrollo de programas y proyectos de formaci\u00f3n, cooperaci\u00f3n, investigaci\u00f3n y extensi\u00f3n de mutuo inter\u00e9s. La firma del convenio estuvo encabezada por la Ministra de Salud, Natividad Nassif, el secretario de salud, Gustavo Sabalza y la Rectora del Instituto San Mart\u00edn de Porres, Mar\u00eda Alejandrina Bel\u00f3n, junto a Andrea Dorado, directora del Hospital Independencia y Mart\u00edn Abbutti, director&hellip;<\/p>\n","protected":false},"author":1,"featured_media":0,"comment_status":"closed","ping_status":"closed","sticky":false,"template":"","format":"standard","meta":{"footnotes":""},"categories":[9],"tags":[],"class_list":["post-14059","post","type-post","status-publish","format-standard","hentry","category-noticias"],"rttpg_featured_image_url":null,"rttpg_author":{"display_name":"rober","author_link":"https:\/\/livingmultimediosde.net.ar\/INDEX\/author\/rober\/"},"rttpg_comment":0,"rttpg_category":"<a href=\"https:\/\/livingmultimediosde.net.ar\/INDEX\/category\/noticias\/\" rel=\"category tag\">NOTICIAS<\/a>","rttpg_excerpt":"El Ministerio de Salud de Santiago del Estero y el Instituto San Mart\u00edn de Porres firmaron hoy un importante Convenio de Cooperaci\u00f3n y Asistencia T\u00e9cnica Institucional destinado a coordinar acciones conjuntas para el desarrollo de programas y proyectos de formaci\u00f3n, cooperaci\u00f3n, investigaci\u00f3n y extensi\u00f3n de mutuo inter\u00e9s. La firma del convenio estuvo encabezada por la&hellip;","_links":{"self":[{"href":"https:\/\/livingmultimediosde.net.ar\/INDEX\/wp-json\/wp\/v2\/posts\/14059","targetHints":{"allow":["GET"]}}],"collection":[{"href":"https:\/\/livingmultimediosde.net.ar\/INDEX\/wp-json\/wp\/v2\/posts"}],"about":[{"href":"https:\/\/livingmultimediosde.net.ar\/INDEX\/wp-json\/wp\/v2\/types\/post"}],"author":[{"embeddable":true,"href":"https:\/\/livingmultimediosde.net.ar\/INDEX\/wp-json\/wp\/v2\/users\/1"}],"replies":[{"embeddable":true,"href":"https:\/\/livingmultimediosde.net.ar\/INDEX\/wp-json\/wp\/v2\/comments?post=14059"}],"version-history":[{"count":1,"href":"https:\/\/livingmultimediosde.net.ar\/INDEX\/wp-json\/wp\/v2\/posts\/14059\/revisions"}],"predecessor-version":[{"id":14061,"href":"https:\/\/livingmultimediosde.net.ar\/INDEX\/wp-json\/wp\/v2\/posts\/14059\/revisions\/14061"}],"wp:attachment":[{"href":"https:\/\/livingmultimediosde.net.ar\/INDEX\/wp-json\/wp\/v2\/media?parent=14059"}],"wp:term":[{"taxonomy":"category","embeddable":true,"href":"https:\/\/livingmultimediosde.net.ar\/INDEX\/wp-json\/wp\/v2\/categories?post=14059"},{"taxonomy":"post_tag","embeddable":true,"href":"https:\/\/livingmultimediosde.net.ar\/INDEX\/wp-json\/wp\/v2\/tags?post=14059"}],"curies":[{"name":"wp","href":"https:\/\/api.w.org\/{rel}","templated":true}]}}