{"id":14046,"date":"2025-05-08T16:07:49","date_gmt":"2025-05-08T16:07:49","guid":{"rendered":"https:\/\/livingmultimediosde.net.ar\/INDEX\/?p=14046"},"modified":"2025-05-08T16:08:15","modified_gmt":"2025-05-08T16:08:15","slug":"brasil-logro-salir-del-mapa-del-hambre-gracias-a-politicas-de-proteccion-social-segun-el-gobierno","status":"publish","type":"post","link":"https:\/\/livingmultimediosde.net.ar\/INDEX\/2025\/05\/brasil-logro-salir-del-mapa-del-hambre-gracias-a-politicas-de-proteccion-social-segun-el-gobierno\/","title":{"rendered":"Brasil logr\u00f3 salir del mapa del hambre gracias a pol\u00edticas de protecci\u00f3n social, seg\u00fan el gobierno"},"content":{"rendered":"\n<p class=\"wp-block-paragraph\">Brasil logr\u00f3 retirar a millones de personas de la \u00abvergonzosa\u00bb situaci\u00f3n de hambre y emergencia social gracias a una estrategia integral de reconstrucci\u00f3n de su red de protecci\u00f3n social, afirm\u00f3 hoy el ministro de Desarrollo y Asistencia Social, Familia y Combate al Hambre, Wellington Dias.<\/p>\n\n\n\n<p class=\"wp-block-paragraph\">En una entrevista concedida al programa \u00abBom Dia Ministro\u00bb, Dias dijo que, a pesar de ser la d\u00e9cima mayor econom\u00eda del mundo y uno de los mayores productores de alimentos, el pa\u00eds enfrentaba una \u00absituaci\u00f3n vergonzosa\u00bb, con 33,1 millones de brasile\u00f1os en situaci\u00f3n de hambre en 2022.<\/p>\n\n\n\n<p class=\"wp-block-paragraph\">\u00abLa meta es sacar a un mill\u00f3n de brasile\u00f1os de la extrema pobreza y llevarlos hacia la clase media\u00bb, se\u00f1al\u00f3 Dias.<\/p>\n\n\n\n<p class=\"wp-block-paragraph\">Dias explic\u00f3 que se realiz\u00f3 una auditor\u00eda profunda con el apoyo de \u00f3rganos como la Contralor\u00eda General de la Uni\u00f3n y la Polic\u00eda Federal, con la finalidad de garantizar que los programas sociales como \u00abBolsa Familia\u00bb y el \u00abBeneficio de Prestaci\u00f3n Continuada\u00bb llegaran a quienes realmente los necesitan.<\/p>\n\n\n\n<p class=\"wp-block-paragraph\">Con el uso de la inteligencia artificial, el Gobierno detect\u00f3 y cancel\u00f3 4,1 millones de beneficios otorgados de forma fraudulenta, lo que gener\u00f3 un ahorro anual estimado de 34.000 millones de reales (unos 5.925 millones de d\u00f3lares), seg\u00fan el Tribunal de Cuentas de la Uni\u00f3n.<\/p>\n\n\n\n<p class=\"wp-block-paragraph\">El ministro precis\u00f3 que m\u00e1s de 16,5 millones de personas inscritas en el programa \u00abBolsa Familia\u00bb y en el Catastro \u00danico consiguieron empleo formal en 2023 y 2024.<\/p>\n\n\n\n<p class=\"wp-block-paragraph\">Uno de los pilares de esta transformaci\u00f3n es el programa \u00abAcredita no Primeiro Passo\u00bb (Cree en el primer paso), lanzado en octubre de 2024, que impulsa el emprendimiento entre personas de<br>bajos ingresos.<\/p>\n","protected":false},"excerpt":{"rendered":"<p>Brasil logr\u00f3 retirar a millones de personas de la \u00abvergonzosa\u00bb situaci\u00f3n de hambre y emergencia social gracias a una estrategia integral de reconstrucci\u00f3n de su red de protecci\u00f3n social, afirm\u00f3 hoy el ministro de Desarrollo y Asistencia Social, Familia y Combate al Hambre, Wellington Dias. En una entrevista concedida al programa \u00abBom Dia Ministro\u00bb, Dias dijo que, a pesar de ser la d\u00e9cima mayor econom\u00eda del mundo y uno de los mayores productores de alimentos, el pa\u00eds enfrentaba una \u00absituaci\u00f3n vergonzosa\u00bb, con 33,1 millones de brasile\u00f1os en situaci\u00f3n de hambre&hellip;<\/p>\n","protected":false},"author":1,"featured_media":0,"comment_status":"closed","ping_status":"closed","sticky":false,"template":"","format":"standard","meta":{"footnotes":""},"categories":[4],"tags":[],"class_list":["post-14046","post","type-post","status-publish","format-standard","hentry","category-interes-general"],"rttpg_featured_image_url":null,"rttpg_author":{"display_name":"rober","author_link":"https:\/\/livingmultimediosde.net.ar\/INDEX\/author\/rober\/"},"rttpg_comment":0,"rttpg_category":"<a href=\"https:\/\/livingmultimediosde.net.ar\/INDEX\/category\/interes-general\/\" rel=\"category tag\">INTERES GENERAL<\/a>","rttpg_excerpt":"Brasil logr\u00f3 retirar a millones de personas de la \u00abvergonzosa\u00bb situaci\u00f3n de hambre y emergencia social gracias a una estrategia integral de reconstrucci\u00f3n de su red de protecci\u00f3n social, afirm\u00f3 hoy el ministro de Desarrollo y Asistencia Social, Familia y Combate al Hambre, Wellington Dias. En una entrevista concedida al programa \u00abBom Dia Ministro\u00bb, Dias&hellip;","_links":{"self":[{"href":"https:\/\/livingmultimediosde.net.ar\/INDEX\/wp-json\/wp\/v2\/posts\/14046","targetHints":{"allow":["GET"]}}],"collection":[{"href":"https:\/\/livingmultimediosde.net.ar\/INDEX\/wp-json\/wp\/v2\/posts"}],"about":[{"href":"https:\/\/livingmultimediosde.net.ar\/INDEX\/wp-json\/wp\/v2\/types\/post"}],"author":[{"embeddable":true,"href":"https:\/\/livingmultimediosde.net.ar\/INDEX\/wp-json\/wp\/v2\/users\/1"}],"replies":[{"embeddable":true,"href":"https:\/\/livingmultimediosde.net.ar\/INDEX\/wp-json\/wp\/v2\/comments?post=14046"}],"version-history":[{"count":1,"href":"https:\/\/livingmultimediosde.net.ar\/INDEX\/wp-json\/wp\/v2\/posts\/14046\/revisions"}],"predecessor-version":[{"id":14048,"href":"https:\/\/livingmultimediosde.net.ar\/INDEX\/wp-json\/wp\/v2\/posts\/14046\/revisions\/14048"}],"wp:attachment":[{"href":"https:\/\/livingmultimediosde.net.ar\/INDEX\/wp-json\/wp\/v2\/media?parent=14046"}],"wp:term":[{"taxonomy":"category","embeddable":true,"href":"https:\/\/livingmultimediosde.net.ar\/INDEX\/wp-json\/wp\/v2\/categories?post=14046"},{"taxonomy":"post_tag","embeddable":true,"href":"https:\/\/livingmultimediosde.net.ar\/INDEX\/wp-json\/wp\/v2\/tags?post=14046"}],"curies":[{"name":"wp","href":"https:\/\/api.w.org\/{rel}","templated":true}]}}