{"id":14033,"date":"2025-05-08T15:39:32","date_gmt":"2025-05-08T15:39:32","guid":{"rendered":"https:\/\/livingmultimediosde.net.ar\/INDEX\/?p=14033"},"modified":"2025-05-08T15:39:59","modified_gmt":"2025-05-08T15:39:59","slug":"la-intendente-fuentes-mantuvo-una-reunion-de-trabajo-con-concejales-del-frente-civico","status":"publish","type":"post","link":"https:\/\/livingmultimediosde.net.ar\/INDEX\/2025\/05\/la-intendente-fuentes-mantuvo-una-reunion-de-trabajo-con-concejales-del-frente-civico\/","title":{"rendered":"LA INTENDENTE FUENTES MANTUVO UNA REUNI\u00d3N DE TRABAJO CON CONCEJALES DEL FRENTE C\u00cdVICO"},"content":{"rendered":"\n<p class=\"wp-block-paragraph\">La intendente de la Capital, Ing. Norma Fuentes, mantuvo una reuni\u00f3n de trabajo con los ediles del Frente C\u00edvico por Santiago, con el prop\u00f3sito de analizar y considerar diferentes tem\u00e1ticas relacionadas con el transporte p\u00fablico, entre otros temas.<br>Estuvieron presentes el presidente del Concejo Deliberante, Humberto Santill\u00e1n y los concejales Walter Medina Salom\u00f3n, Gustavo Salvatierra Rodr\u00edguez, A\u00edda Luz Soria, Carlos Basualdo, Marta Arenas y Gabriela Ortiz.<br>Tambi\u00e9n participaron del encuentro el secretario de Planeamiento, Obras y Servicios P\u00fablicos, Jorge Vila; el subsecretario de Econom\u00eda, Francisco Zamora, el director de Tr\u00e1nsito, Carlos Bucci, entre otros funcionarios.<br>All\u00ed, se evaluaron distintos proyectos a llevar adelante y dialogaron sobre la situaci\u00f3n que atraviesa el transporte p\u00fablico de pasajeros en la ciudad y en todo el pa\u00eds.<\/p>\n","protected":false},"excerpt":{"rendered":"<p>La intendente de la Capital, Ing. Norma Fuentes, mantuvo una reuni\u00f3n de trabajo con los ediles del Frente C\u00edvico por Santiago, con el prop\u00f3sito de analizar y considerar diferentes tem\u00e1ticas relacionadas con el transporte p\u00fablico, entre otros temas.Estuvieron presentes el presidente del Concejo Deliberante, Humberto Santill\u00e1n y los concejales Walter Medina Salom\u00f3n, Gustavo Salvatierra Rodr\u00edguez, A\u00edda Luz Soria, Carlos Basualdo, Marta Arenas y Gabriela Ortiz.Tambi\u00e9n participaron del encuentro el secretario de Planeamiento, Obras y Servicios P\u00fablicos, Jorge Vila; el subsecretario de Econom\u00eda, Francisco Zamora, el director de Tr\u00e1nsito, Carlos Bucci,&hellip;<\/p>\n","protected":false},"author":1,"featured_media":0,"comment_status":"closed","ping_status":"closed","sticky":false,"template":"","format":"standard","meta":{"footnotes":""},"categories":[9],"tags":[],"class_list":["post-14033","post","type-post","status-publish","format-standard","hentry","category-noticias"],"rttpg_featured_image_url":null,"rttpg_author":{"display_name":"rober","author_link":"https:\/\/livingmultimediosde.net.ar\/INDEX\/author\/rober\/"},"rttpg_comment":0,"rttpg_category":"<a href=\"https:\/\/livingmultimediosde.net.ar\/INDEX\/category\/noticias\/\" rel=\"category tag\">NOTICIAS<\/a>","rttpg_excerpt":"La intendente de la Capital, Ing. Norma Fuentes, mantuvo una reuni\u00f3n de trabajo con los ediles del Frente C\u00edvico por Santiago, con el prop\u00f3sito de analizar y considerar diferentes tem\u00e1ticas relacionadas con el transporte p\u00fablico, entre otros temas.Estuvieron presentes el presidente del Concejo Deliberante, Humberto Santill\u00e1n y los concejales Walter Medina Salom\u00f3n, Gustavo Salvatierra Rodr\u00edguez,&hellip;","_links":{"self":[{"href":"https:\/\/livingmultimediosde.net.ar\/INDEX\/wp-json\/wp\/v2\/posts\/14033","targetHints":{"allow":["GET"]}}],"collection":[{"href":"https:\/\/livingmultimediosde.net.ar\/INDEX\/wp-json\/wp\/v2\/posts"}],"about":[{"href":"https:\/\/livingmultimediosde.net.ar\/INDEX\/wp-json\/wp\/v2\/types\/post"}],"author":[{"embeddable":true,"href":"https:\/\/livingmultimediosde.net.ar\/INDEX\/wp-json\/wp\/v2\/users\/1"}],"replies":[{"embeddable":true,"href":"https:\/\/livingmultimediosde.net.ar\/INDEX\/wp-json\/wp\/v2\/comments?post=14033"}],"version-history":[{"count":1,"href":"https:\/\/livingmultimediosde.net.ar\/INDEX\/wp-json\/wp\/v2\/posts\/14033\/revisions"}],"predecessor-version":[{"id":14035,"href":"https:\/\/livingmultimediosde.net.ar\/INDEX\/wp-json\/wp\/v2\/posts\/14033\/revisions\/14035"}],"wp:attachment":[{"href":"https:\/\/livingmultimediosde.net.ar\/INDEX\/wp-json\/wp\/v2\/media?parent=14033"}],"wp:term":[{"taxonomy":"category","embeddable":true,"href":"https:\/\/livingmultimediosde.net.ar\/INDEX\/wp-json\/wp\/v2\/categories?post=14033"},{"taxonomy":"post_tag","embeddable":true,"href":"https:\/\/livingmultimediosde.net.ar\/INDEX\/wp-json\/wp\/v2\/tags?post=14033"}],"curies":[{"name":"wp","href":"https:\/\/api.w.org\/{rel}","templated":true}]}}