{"id":14023,"date":"2025-05-07T18:25:26","date_gmt":"2025-05-07T18:25:26","guid":{"rendered":"https:\/\/livingmultimediosde.net.ar\/INDEX\/?p=14023"},"modified":"2025-05-07T18:25:53","modified_gmt":"2025-05-07T18:25:53","slug":"invitan-al-6-festival-de-las-colectividades-en-el-nodo-tecnologico","status":"publish","type":"post","link":"https:\/\/livingmultimediosde.net.ar\/INDEX\/2025\/05\/invitan-al-6-festival-de-las-colectividades-en-el-nodo-tecnologico\/","title":{"rendered":"INVITAN AL 6\u00b0 FESTIVAL DE LAS COLECTIVIDADES EN EL NODO TECNOL\u00d3GICO"},"content":{"rendered":"\n<p class=\"wp-block-paragraph\">Los d\u00edas 10 y 11 de mayo, en el Nodo Tecnol\u00f3gico de La Banda, se realizar\u00e1 el 6\u00ba Festival de las Colectividades.<br>El anuncio fue realizado por el secretario de Ciencia y Tecnolog\u00eda de la provincia, Adri\u00e1n Su\u00e1rez, junto con el director de Gesti\u00f3n P\u00fablica, Ricardo Montenegro; la responsable de la organizaci\u00f3n del evento, Yesm\u00edn Llebeili, y el presidente de la Casa Italia, Juan Carlos Storniolo.<br>Las actividades se desarrollar\u00e1n este s\u00e1bado 10 de mayo, de 11 a 24, y el domingo siguiente, de 11 a 21.<br>Al referirse a esta propuesta, Su\u00e1rez se\u00f1al\u00f3: \u00abPara nosotros tiene gran relevancia por su impronta cultural y tur\u00edstica, con la representaci\u00f3n de cada cultura, su indumentaria y todo su arte\u201d.<br>Seguidamente, Montenegro, expres\u00f3: \u201cEsto es muy importante para la provincia, ya que es muy rica en cultura, que tiene el famoso crisol de razas, y es una alegr\u00eda que puedan reunirse todas las colectividades\u00bb, con delegaciones de Quimil\u00ed, A\u00f1atuya y Suncho Corral.<br>En tanto, Llebeili, remarc\u00f3: \u201cCon el correr de los a\u00f1os vamos avanzando, nos estamos consolidando con este festival y tenemos la elecci\u00f3n de la reina de las colectividades que tambi\u00e9n vienen del interior provincial; es muy importante esto por la potencialidad que tiene, como as\u00ed tambi\u00e9n en gastronom\u00eda, y tendremos invitados especiales de provincias del norte del pa\u00eds. Esto es mucho esfuerzo, ya que tenemos un crisol de culturas y est\u00e1 apto para ni\u00f1os y toda la familia que van a poder disfrutar de una diversidad de actividades, y por \u00faltimo el lema principal ser\u00e1 la paz mundial\u201d.<br>Para m\u00e1s informaci\u00f3n, los interesados pueden comunicarse al 385-5904368.<\/p>\n","protected":false},"excerpt":{"rendered":"<p>Los d\u00edas 10 y 11 de mayo, en el Nodo Tecnol\u00f3gico de La Banda, se realizar\u00e1 el 6\u00ba Festival de las Colectividades.El anuncio fue realizado por el secretario de Ciencia y Tecnolog\u00eda de la provincia, Adri\u00e1n Su\u00e1rez, junto con el director de Gesti\u00f3n P\u00fablica, Ricardo Montenegro; la responsable de la organizaci\u00f3n del evento, Yesm\u00edn Llebeili, y el presidente de la Casa Italia, Juan Carlos Storniolo.Las actividades se desarrollar\u00e1n este s\u00e1bado 10 de mayo, de 11 a 24, y el domingo siguiente, de 11 a 21.Al referirse a esta propuesta, Su\u00e1rez&hellip;<\/p>\n","protected":false},"author":1,"featured_media":0,"comment_status":"closed","ping_status":"closed","sticky":false,"template":"","format":"standard","meta":{"footnotes":""},"categories":[9],"tags":[],"class_list":["post-14023","post","type-post","status-publish","format-standard","hentry","category-noticias"],"rttpg_featured_image_url":null,"rttpg_author":{"display_name":"rober","author_link":"https:\/\/livingmultimediosde.net.ar\/INDEX\/author\/rober\/"},"rttpg_comment":0,"rttpg_category":"<a href=\"https:\/\/livingmultimediosde.net.ar\/INDEX\/category\/noticias\/\" rel=\"category tag\">NOTICIAS<\/a>","rttpg_excerpt":"Los d\u00edas 10 y 11 de mayo, en el Nodo Tecnol\u00f3gico de La Banda, se realizar\u00e1 el 6\u00ba Festival de las Colectividades.El anuncio fue realizado por el secretario de Ciencia y Tecnolog\u00eda de la provincia, Adri\u00e1n Su\u00e1rez, junto con el director de Gesti\u00f3n P\u00fablica, Ricardo Montenegro; la responsable de la organizaci\u00f3n del evento, Yesm\u00edn Llebeili,&hellip;","_links":{"self":[{"href":"https:\/\/livingmultimediosde.net.ar\/INDEX\/wp-json\/wp\/v2\/posts\/14023","targetHints":{"allow":["GET"]}}],"collection":[{"href":"https:\/\/livingmultimediosde.net.ar\/INDEX\/wp-json\/wp\/v2\/posts"}],"about":[{"href":"https:\/\/livingmultimediosde.net.ar\/INDEX\/wp-json\/wp\/v2\/types\/post"}],"author":[{"embeddable":true,"href":"https:\/\/livingmultimediosde.net.ar\/INDEX\/wp-json\/wp\/v2\/users\/1"}],"replies":[{"embeddable":true,"href":"https:\/\/livingmultimediosde.net.ar\/INDEX\/wp-json\/wp\/v2\/comments?post=14023"}],"version-history":[{"count":1,"href":"https:\/\/livingmultimediosde.net.ar\/INDEX\/wp-json\/wp\/v2\/posts\/14023\/revisions"}],"predecessor-version":[{"id":14025,"href":"https:\/\/livingmultimediosde.net.ar\/INDEX\/wp-json\/wp\/v2\/posts\/14023\/revisions\/14025"}],"wp:attachment":[{"href":"https:\/\/livingmultimediosde.net.ar\/INDEX\/wp-json\/wp\/v2\/media?parent=14023"}],"wp:term":[{"taxonomy":"category","embeddable":true,"href":"https:\/\/livingmultimediosde.net.ar\/INDEX\/wp-json\/wp\/v2\/categories?post=14023"},{"taxonomy":"post_tag","embeddable":true,"href":"https:\/\/livingmultimediosde.net.ar\/INDEX\/wp-json\/wp\/v2\/tags?post=14023"}],"curies":[{"name":"wp","href":"https:\/\/api.w.org\/{rel}","templated":true}]}}