{"id":13671,"date":"2025-04-12T01:10:57","date_gmt":"2025-04-12T01:10:57","guid":{"rendered":"https:\/\/livingmultimediosde.net.ar\/INDEX\/?p=13671"},"modified":"2025-04-12T01:11:01","modified_gmt":"2025-04-12T01:11:01","slug":"zamora-recibio-al-jefe-de-la-agrupacion-xvii-de-gendarmeria-nacional-en-santiago-del-estero","status":"publish","type":"post","link":"https:\/\/livingmultimediosde.net.ar\/INDEX\/2025\/04\/zamora-recibio-al-jefe-de-la-agrupacion-xvii-de-gendarmeria-nacional-en-santiago-del-estero\/","title":{"rendered":"ZAMORA RECIBI\u00d3 Al JEFE DE LA AGRUPACI\u00d3N XVII DE GENDARMER\u00cdA NACIONAL EN SANTIAGO DEL ESTERO"},"content":{"rendered":"\n<p class=\"wp-block-paragraph\">El gobernador Gerardo Zamora recibi\u00f3 este viernes al nuevo jefe de la Agrupaci\u00f3n XVII de Gendarmer\u00eda Nacional con jurisdicci\u00f3n en Santiago del Estero, comandante principal Mart\u00edn Jorge L\u00f3pez.<br>El encuentro se llev\u00f3 a cabo en el Sal\u00f3n de Acuerdos de Casa de Gobierno.<\/p>\n","protected":false},"excerpt":{"rendered":"<p>El gobernador Gerardo Zamora recibi\u00f3 este viernes al nuevo jefe de la Agrupaci\u00f3n XVII de Gendarmer\u00eda Nacional con jurisdicci\u00f3n en Santiago del Estero, comandante principal Mart\u00edn Jorge L\u00f3pez.El encuentro se llev\u00f3 a cabo en el Sal\u00f3n de Acuerdos de Casa de Gobierno.<\/p>\n","protected":false},"author":1,"featured_media":0,"comment_status":"closed","ping_status":"closed","sticky":false,"template":"","format":"standard","meta":{"footnotes":""},"categories":[9],"tags":[],"class_list":["post-13671","post","type-post","status-publish","format-standard","hentry","category-noticias"],"rttpg_featured_image_url":null,"rttpg_author":{"display_name":"rober","author_link":"https:\/\/livingmultimediosde.net.ar\/INDEX\/author\/rober\/"},"rttpg_comment":0,"rttpg_category":"<a href=\"https:\/\/livingmultimediosde.net.ar\/INDEX\/category\/noticias\/\" rel=\"category tag\">NOTICIAS<\/a>","rttpg_excerpt":"El gobernador Gerardo Zamora recibi\u00f3 este viernes al nuevo jefe de la Agrupaci\u00f3n XVII de Gendarmer\u00eda Nacional con jurisdicci\u00f3n en Santiago del Estero, comandante principal Mart\u00edn Jorge L\u00f3pez.El encuentro se llev\u00f3 a cabo en el Sal\u00f3n de Acuerdos de Casa de Gobierno.","_links":{"self":[{"href":"https:\/\/livingmultimediosde.net.ar\/INDEX\/wp-json\/wp\/v2\/posts\/13671","targetHints":{"allow":["GET"]}}],"collection":[{"href":"https:\/\/livingmultimediosde.net.ar\/INDEX\/wp-json\/wp\/v2\/posts"}],"about":[{"href":"https:\/\/livingmultimediosde.net.ar\/INDEX\/wp-json\/wp\/v2\/types\/post"}],"author":[{"embeddable":true,"href":"https:\/\/livingmultimediosde.net.ar\/INDEX\/wp-json\/wp\/v2\/users\/1"}],"replies":[{"embeddable":true,"href":"https:\/\/livingmultimediosde.net.ar\/INDEX\/wp-json\/wp\/v2\/comments?post=13671"}],"version-history":[{"count":1,"href":"https:\/\/livingmultimediosde.net.ar\/INDEX\/wp-json\/wp\/v2\/posts\/13671\/revisions"}],"predecessor-version":[{"id":13673,"href":"https:\/\/livingmultimediosde.net.ar\/INDEX\/wp-json\/wp\/v2\/posts\/13671\/revisions\/13673"}],"wp:attachment":[{"href":"https:\/\/livingmultimediosde.net.ar\/INDEX\/wp-json\/wp\/v2\/media?parent=13671"}],"wp:term":[{"taxonomy":"category","embeddable":true,"href":"https:\/\/livingmultimediosde.net.ar\/INDEX\/wp-json\/wp\/v2\/categories?post=13671"},{"taxonomy":"post_tag","embeddable":true,"href":"https:\/\/livingmultimediosde.net.ar\/INDEX\/wp-json\/wp\/v2\/tags?post=13671"}],"curies":[{"name":"wp","href":"https:\/\/api.w.org\/{rel}","templated":true}]}}