{"id":13664,"date":"2025-04-11T13:57:13","date_gmt":"2025-04-11T13:57:13","guid":{"rendered":"https:\/\/livingmultimediosde.net.ar\/INDEX\/?p=13664"},"modified":"2025-04-11T13:57:15","modified_gmt":"2025-04-11T13:57:15","slug":"autoridades-venezolanas-recibieron-a-178-migrantes-expulsados-por-estados-unidos","status":"publish","type":"post","link":"https:\/\/livingmultimediosde.net.ar\/INDEX\/2025\/04\/autoridades-venezolanas-recibieron-a-178-migrantes-expulsados-por-estados-unidos\/","title":{"rendered":"Autoridades venezolanas recibieron a 178 migrantes expulsados por Estados Unidos"},"content":{"rendered":"\n<p class=\"wp-block-paragraph\">Un total de 178 venezolanos provenientes de Estados Unidos llegaron este jueves a Venezuela, los cuales fueron recibidos por el ministro de Interior, Justicia y Paz, Diosdado Cabello.<\/p>\n\n\n\n<p class=\"wp-block-paragraph\">\u00abEsta historia tiene que terminar con que los venezolanos se reencuentren en familia\u00bb, celebr\u00f3 el funcionario al recibir el vuelo en el Aeropuerto Internacional Sim\u00f3n Bol\u00edvar, que sirve a<br>Caracas.<\/p>\n\n\n\n<p class=\"wp-block-paragraph\">Cabello destac\u00f3 la importancia de la pol\u00edtica de repatriaci\u00f3n venezolana, y asegur\u00f3 que \u00abmientras esos aviones est\u00e9n volando, la prioridad ser\u00e1 ir a buscar a los venezolanos, est\u00e9n donde est\u00e9n\u00bb.<\/p>\n\n\n\n<p class=\"wp-block-paragraph\">En ese sentido, critic\u00f3 la pol\u00edtica de repatriaci\u00f3n de Washington, que calific\u00f3 de \u00abun enredo\u00bb y \u00abun desorden\u00bb.<\/p>\n\n\n\n<p class=\"wp-block-paragraph\">El ministro asegur\u00f3 que el Gobierno venezolano combati\u00f3 al Tren de Aragua, en referencia a los se\u00f1alamientos de que los migrantes venezolanos supuestamente pertenecen a dicha banda criminal.<\/p>\n\n\n\n<p class=\"wp-block-paragraph\">La repatriaci\u00f3n form\u00f3 parte del Plan Vuelta a la Patria, un programa social de repatriaci\u00f3n impulsado desde 2018 con el fin de proteger a los migrantes que se encuentren en situaci\u00f3n vulnerable fuera del pa\u00eds.<\/p>\n","protected":false},"excerpt":{"rendered":"<p>Un total de 178 venezolanos provenientes de Estados Unidos llegaron este jueves a Venezuela, los cuales fueron recibidos por el ministro de Interior, Justicia y Paz, Diosdado Cabello. \u00abEsta historia tiene que terminar con que los venezolanos se reencuentren en familia\u00bb, celebr\u00f3 el funcionario al recibir el vuelo en el Aeropuerto Internacional Sim\u00f3n Bol\u00edvar, que sirve aCaracas. Cabello destac\u00f3 la importancia de la pol\u00edtica de repatriaci\u00f3n venezolana, y asegur\u00f3 que \u00abmientras esos aviones est\u00e9n volando, la prioridad ser\u00e1 ir a buscar a los venezolanos, est\u00e9n donde est\u00e9n\u00bb. En ese sentido,&hellip;<\/p>\n","protected":false},"author":1,"featured_media":0,"comment_status":"closed","ping_status":"closed","sticky":false,"template":"","format":"standard","meta":{"footnotes":""},"categories":[4],"tags":[],"class_list":["post-13664","post","type-post","status-publish","format-standard","hentry","category-interes-general"],"rttpg_featured_image_url":null,"rttpg_author":{"display_name":"rober","author_link":"https:\/\/livingmultimediosde.net.ar\/INDEX\/author\/rober\/"},"rttpg_comment":0,"rttpg_category":"<a href=\"https:\/\/livingmultimediosde.net.ar\/INDEX\/category\/interes-general\/\" rel=\"category tag\">INTERES GENERAL<\/a>","rttpg_excerpt":"Un total de 178 venezolanos provenientes de Estados Unidos llegaron este jueves a Venezuela, los cuales fueron recibidos por el ministro de Interior, Justicia y Paz, Diosdado Cabello. \u00abEsta historia tiene que terminar con que los venezolanos se reencuentren en familia\u00bb, celebr\u00f3 el funcionario al recibir el vuelo en el Aeropuerto Internacional Sim\u00f3n Bol\u00edvar, que&hellip;","_links":{"self":[{"href":"https:\/\/livingmultimediosde.net.ar\/INDEX\/wp-json\/wp\/v2\/posts\/13664","targetHints":{"allow":["GET"]}}],"collection":[{"href":"https:\/\/livingmultimediosde.net.ar\/INDEX\/wp-json\/wp\/v2\/posts"}],"about":[{"href":"https:\/\/livingmultimediosde.net.ar\/INDEX\/wp-json\/wp\/v2\/types\/post"}],"author":[{"embeddable":true,"href":"https:\/\/livingmultimediosde.net.ar\/INDEX\/wp-json\/wp\/v2\/users\/1"}],"replies":[{"embeddable":true,"href":"https:\/\/livingmultimediosde.net.ar\/INDEX\/wp-json\/wp\/v2\/comments?post=13664"}],"version-history":[{"count":1,"href":"https:\/\/livingmultimediosde.net.ar\/INDEX\/wp-json\/wp\/v2\/posts\/13664\/revisions"}],"predecessor-version":[{"id":13666,"href":"https:\/\/livingmultimediosde.net.ar\/INDEX\/wp-json\/wp\/v2\/posts\/13664\/revisions\/13666"}],"wp:attachment":[{"href":"https:\/\/livingmultimediosde.net.ar\/INDEX\/wp-json\/wp\/v2\/media?parent=13664"}],"wp:term":[{"taxonomy":"category","embeddable":true,"href":"https:\/\/livingmultimediosde.net.ar\/INDEX\/wp-json\/wp\/v2\/categories?post=13664"},{"taxonomy":"post_tag","embeddable":true,"href":"https:\/\/livingmultimediosde.net.ar\/INDEX\/wp-json\/wp\/v2\/tags?post=13664"}],"curies":[{"name":"wp","href":"https:\/\/api.w.org\/{rel}","templated":true}]}}