{"id":13661,"date":"2025-04-11T13:53:48","date_gmt":"2025-04-11T13:53:48","guid":{"rendered":"https:\/\/livingmultimediosde.net.ar\/INDEX\/?p=13661"},"modified":"2025-04-11T13:53:51","modified_gmt":"2025-04-11T13:53:51","slug":"cinco-empresas-publicas-fueron-transformadas-en-sociedades-anonimas-telam-fue-disuelta-y-agp-absorbida","status":"publish","type":"post","link":"https:\/\/livingmultimediosde.net.ar\/INDEX\/2025\/04\/cinco-empresas-publicas-fueron-transformadas-en-sociedades-anonimas-telam-fue-disuelta-y-agp-absorbida\/","title":{"rendered":"Cinco empresas p\u00fablicas fueron transformadas en Sociedades An\u00f3nimas: T\u00e9lam fue disuelta y AGP absorbida"},"content":{"rendered":"\n<p class=\"wp-block-paragraph\">La Inspecci\u00f3n General de Justicia (IGJ), dependiente de la Secretar\u00eda de Justicia del Ministerio de Justicia, inscribi\u00f3 oficialmente la transformaci\u00f3n de cinco empresas estatales en Sociedades An\u00f3nimas (S.A.), en el marco del proceso de reforma impulsado por el gobierno de Javier Milei.<\/p>\n\n\n\n<p class=\"wp-block-paragraph\">Seg\u00fan inform\u00f3 la cartera, la medida busca terminar con el uso pol\u00edtico de empresas p\u00fablicas, y obligar\u00e1 a estas nuevas sociedades a rendir cuentas, presentar balances y operar bajo los est\u00e1ndares del sector privado.<\/p>\n\n\n\n<p class=\"wp-block-paragraph\">Las empresas involucradas son:<\/p>\n\n\n\n<p class=\"wp-block-paragraph\">Corporaci\u00f3n Buenos Aires Sur<br>Fabricaciones Militares<br>Empresa Argentina de Navegaci\u00f3n A\u00e9rea (EANA)<br>Administraci\u00f3n General de Puertos (AGP), que fue absorbida por la Administraci\u00f3n Nacional de Puertos y Navegaci\u00f3n (ANPYN)<br>T\u00e9lam, que fue directamente disuelta<br>En el comunicado difundido con el t\u00edtulo \u201cMotosierra\u201d, el Ministerio de Justicia remarc\u00f3 que la iniciativa forma parte de la modernizaci\u00f3n del Estado, en l\u00ednea con la pol\u00edtica de reducci\u00f3n del gasto p\u00fablico y reorganizaci\u00f3n del aparato estatal.<\/p>\n","protected":false},"excerpt":{"rendered":"<p>La Inspecci\u00f3n General de Justicia (IGJ), dependiente de la Secretar\u00eda de Justicia del Ministerio de Justicia, inscribi\u00f3 oficialmente la transformaci\u00f3n de cinco empresas estatales en Sociedades An\u00f3nimas (S.A.), en el marco del proceso de reforma impulsado por el gobierno de Javier Milei. Seg\u00fan inform\u00f3 la cartera, la medida busca terminar con el uso pol\u00edtico de empresas p\u00fablicas, y obligar\u00e1 a estas nuevas sociedades a rendir cuentas, presentar balances y operar bajo los est\u00e1ndares del sector privado. Las empresas involucradas son: Corporaci\u00f3n Buenos Aires SurFabricaciones MilitaresEmpresa Argentina de Navegaci\u00f3n A\u00e9rea (EANA)Administraci\u00f3n&hellip;<\/p>\n","protected":false},"author":1,"featured_media":0,"comment_status":"closed","ping_status":"closed","sticky":false,"template":"","format":"standard","meta":{"footnotes":""},"categories":[4],"tags":[],"class_list":["post-13661","post","type-post","status-publish","format-standard","hentry","category-interes-general"],"rttpg_featured_image_url":null,"rttpg_author":{"display_name":"rober","author_link":"https:\/\/livingmultimediosde.net.ar\/INDEX\/author\/rober\/"},"rttpg_comment":0,"rttpg_category":"<a href=\"https:\/\/livingmultimediosde.net.ar\/INDEX\/category\/interes-general\/\" rel=\"category tag\">INTERES GENERAL<\/a>","rttpg_excerpt":"La Inspecci\u00f3n General de Justicia (IGJ), dependiente de la Secretar\u00eda de Justicia del Ministerio de Justicia, inscribi\u00f3 oficialmente la transformaci\u00f3n de cinco empresas estatales en Sociedades An\u00f3nimas (S.A.), en el marco del proceso de reforma impulsado por el gobierno de Javier Milei. Seg\u00fan inform\u00f3 la cartera, la medida busca terminar con el uso pol\u00edtico de&hellip;","_links":{"self":[{"href":"https:\/\/livingmultimediosde.net.ar\/INDEX\/wp-json\/wp\/v2\/posts\/13661","targetHints":{"allow":["GET"]}}],"collection":[{"href":"https:\/\/livingmultimediosde.net.ar\/INDEX\/wp-json\/wp\/v2\/posts"}],"about":[{"href":"https:\/\/livingmultimediosde.net.ar\/INDEX\/wp-json\/wp\/v2\/types\/post"}],"author":[{"embeddable":true,"href":"https:\/\/livingmultimediosde.net.ar\/INDEX\/wp-json\/wp\/v2\/users\/1"}],"replies":[{"embeddable":true,"href":"https:\/\/livingmultimediosde.net.ar\/INDEX\/wp-json\/wp\/v2\/comments?post=13661"}],"version-history":[{"count":1,"href":"https:\/\/livingmultimediosde.net.ar\/INDEX\/wp-json\/wp\/v2\/posts\/13661\/revisions"}],"predecessor-version":[{"id":13663,"href":"https:\/\/livingmultimediosde.net.ar\/INDEX\/wp-json\/wp\/v2\/posts\/13661\/revisions\/13663"}],"wp:attachment":[{"href":"https:\/\/livingmultimediosde.net.ar\/INDEX\/wp-json\/wp\/v2\/media?parent=13661"}],"wp:term":[{"taxonomy":"category","embeddable":true,"href":"https:\/\/livingmultimediosde.net.ar\/INDEX\/wp-json\/wp\/v2\/categories?post=13661"},{"taxonomy":"post_tag","embeddable":true,"href":"https:\/\/livingmultimediosde.net.ar\/INDEX\/wp-json\/wp\/v2\/tags?post=13661"}],"curies":[{"name":"wp","href":"https:\/\/api.w.org\/{rel}","templated":true}]}}