{"id":13649,"date":"2025-04-10T04:43:31","date_gmt":"2025-04-10T04:43:31","guid":{"rendered":"https:\/\/livingmultimediosde.net.ar\/INDEX\/?p=13649"},"modified":"2025-04-10T04:43:33","modified_gmt":"2025-04-10T04:43:33","slug":"la-municipalidad-habilitara-la-plazoleta-jorge-veliz-en-el-barrio-juan-felipe-ibarra","status":"publish","type":"post","link":"https:\/\/livingmultimediosde.net.ar\/INDEX\/2025\/04\/la-municipalidad-habilitara-la-plazoleta-jorge-veliz-en-el-barrio-juan-felipe-ibarra\/","title":{"rendered":"LA MUNICIPALIDAD HABILITAR\u00c1 LA PLAZOLETA JORGE V\u00c9LIZ EN EL BARRIO JUAN FELIPE IBARRA"},"content":{"rendered":"\n<p class=\"wp-block-paragraph\">La Municipalidad de la Capital habilitar\u00e1 una plazoleta en la esquina de las calles Santa Catalina Laboure y Magallanes del barrio Juan Felipe Ibarra, que llevar\u00e1 el nombre de Jorge V\u00e9liz en homenaje al popular m\u00fasico santiague\u00f1o.<br>El nuevo espacio verde se inaugurar\u00e1 el viernes de abril 11, a las 11 horas, por las autoridades municipales con motivo de cumplirse el 13\u00b0 aniversario del fallecimiento del reconocido creador y difusor de la \u00abguaracha santigue\u00f1a\u00bb.<br>Contar\u00e1 con nuevas caminer\u00edas, sistema de iluminaci\u00f3n led, bancos de concreto y nuevos \u00e1rboles y plantas ornamentales, en donde se reconocer\u00e1 la trayectoria de un distinguido vecino de ese sector de la ciudad.<\/p>\n","protected":false},"excerpt":{"rendered":"<p>La Municipalidad de la Capital habilitar\u00e1 una plazoleta en la esquina de las calles Santa Catalina Laboure y Magallanes del barrio Juan Felipe Ibarra, que llevar\u00e1 el nombre de Jorge V\u00e9liz en homenaje al popular m\u00fasico santiague\u00f1o.El nuevo espacio verde se inaugurar\u00e1 el viernes de abril 11, a las 11 horas, por las autoridades municipales con motivo de cumplirse el 13\u00b0 aniversario del fallecimiento del reconocido creador y difusor de la \u00abguaracha santigue\u00f1a\u00bb.Contar\u00e1 con nuevas caminer\u00edas, sistema de iluminaci\u00f3n led, bancos de concreto y nuevos \u00e1rboles y plantas ornamentales, en&hellip;<\/p>\n","protected":false},"author":1,"featured_media":0,"comment_status":"closed","ping_status":"closed","sticky":false,"template":"","format":"standard","meta":{"footnotes":""},"categories":[9],"tags":[],"class_list":["post-13649","post","type-post","status-publish","format-standard","hentry","category-noticias"],"rttpg_featured_image_url":null,"rttpg_author":{"display_name":"rober","author_link":"https:\/\/livingmultimediosde.net.ar\/INDEX\/author\/rober\/"},"rttpg_comment":0,"rttpg_category":"<a href=\"https:\/\/livingmultimediosde.net.ar\/INDEX\/category\/noticias\/\" rel=\"category tag\">NOTICIAS<\/a>","rttpg_excerpt":"La Municipalidad de la Capital habilitar\u00e1 una plazoleta en la esquina de las calles Santa Catalina Laboure y Magallanes del barrio Juan Felipe Ibarra, que llevar\u00e1 el nombre de Jorge V\u00e9liz en homenaje al popular m\u00fasico santiague\u00f1o.El nuevo espacio verde se inaugurar\u00e1 el viernes de abril 11, a las 11 horas, por las autoridades municipales&hellip;","_links":{"self":[{"href":"https:\/\/livingmultimediosde.net.ar\/INDEX\/wp-json\/wp\/v2\/posts\/13649","targetHints":{"allow":["GET"]}}],"collection":[{"href":"https:\/\/livingmultimediosde.net.ar\/INDEX\/wp-json\/wp\/v2\/posts"}],"about":[{"href":"https:\/\/livingmultimediosde.net.ar\/INDEX\/wp-json\/wp\/v2\/types\/post"}],"author":[{"embeddable":true,"href":"https:\/\/livingmultimediosde.net.ar\/INDEX\/wp-json\/wp\/v2\/users\/1"}],"replies":[{"embeddable":true,"href":"https:\/\/livingmultimediosde.net.ar\/INDEX\/wp-json\/wp\/v2\/comments?post=13649"}],"version-history":[{"count":1,"href":"https:\/\/livingmultimediosde.net.ar\/INDEX\/wp-json\/wp\/v2\/posts\/13649\/revisions"}],"predecessor-version":[{"id":13651,"href":"https:\/\/livingmultimediosde.net.ar\/INDEX\/wp-json\/wp\/v2\/posts\/13649\/revisions\/13651"}],"wp:attachment":[{"href":"https:\/\/livingmultimediosde.net.ar\/INDEX\/wp-json\/wp\/v2\/media?parent=13649"}],"wp:term":[{"taxonomy":"category","embeddable":true,"href":"https:\/\/livingmultimediosde.net.ar\/INDEX\/wp-json\/wp\/v2\/categories?post=13649"},{"taxonomy":"post_tag","embeddable":true,"href":"https:\/\/livingmultimediosde.net.ar\/INDEX\/wp-json\/wp\/v2\/tags?post=13649"}],"curies":[{"name":"wp","href":"https:\/\/api.w.org\/{rel}","templated":true}]}}