{"id":13641,"date":"2025-04-09T17:05:35","date_gmt":"2025-04-09T17:05:35","guid":{"rendered":"https:\/\/livingmultimediosde.net.ar\/INDEX\/?p=13641"},"modified":"2025-04-09T17:05:38","modified_gmt":"2025-04-09T17:05:38","slug":"pago-de-planes-de-emergencia-provincial-correspondiente-a-abril","status":"publish","type":"post","link":"https:\/\/livingmultimediosde.net.ar\/INDEX\/2025\/04\/pago-de-planes-de-emergencia-provincial-correspondiente-a-abril\/","title":{"rendered":"PAGO DE PLANES DE EMERGENCIA PROVINCIAL CORRESPONDIENTE A ABRIL"},"content":{"rendered":"\n<p class=\"wp-block-paragraph\">El Ministerio de Justicia inform\u00f3 que el pr\u00f3ximo lunes 14 se iniciar\u00e1 el pago a todos los beneficiarios de los Planes de Emergencia de la provincia correspondiente al mes de abril.<br>El mismo se har\u00e1 efectivo de manera presencial en las sucursales de Capital y Banda del Banco Santiago del Estero (BSE) conforme al siguiente cronograma: Lunes 14, las personas con DNI terminados en 0, 1, 2 o 3; el martes 15, aquellas con documentos finalizados en 4, 5 o 6, y el mi\u00e9rcoles 16, quienes tienen como \u00faltimo d\u00edgito el 7, 8 o 9.<br>Los beneficiarios con domicilio en Capital y La Banda deben concurrir el d\u00eda correspondiente a la terminaci\u00f3n de su DNI a la sucursal m\u00e1s cercana a su domicilio del BSE, de 7.45 a 12.45.<br>En las sucursales del resto de la provincia el pago se realizar\u00e1 sin cronograma a partir del d\u00eda lunes 14 de abril.<\/p>\n","protected":false},"excerpt":{"rendered":"<p>El Ministerio de Justicia inform\u00f3 que el pr\u00f3ximo lunes 14 se iniciar\u00e1 el pago a todos los beneficiarios de los Planes de Emergencia de la provincia correspondiente al mes de abril.El mismo se har\u00e1 efectivo de manera presencial en las sucursales de Capital y Banda del Banco Santiago del Estero (BSE) conforme al siguiente cronograma: Lunes 14, las personas con DNI terminados en 0, 1, 2 o 3; el martes 15, aquellas con documentos finalizados en 4, 5 o 6, y el mi\u00e9rcoles 16, quienes tienen como \u00faltimo d\u00edgito el&hellip;<\/p>\n","protected":false},"author":1,"featured_media":0,"comment_status":"closed","ping_status":"closed","sticky":false,"template":"","format":"standard","meta":{"footnotes":""},"categories":[9],"tags":[],"class_list":["post-13641","post","type-post","status-publish","format-standard","hentry","category-noticias"],"rttpg_featured_image_url":null,"rttpg_author":{"display_name":"rober","author_link":"https:\/\/livingmultimediosde.net.ar\/INDEX\/author\/rober\/"},"rttpg_comment":0,"rttpg_category":"<a href=\"https:\/\/livingmultimediosde.net.ar\/INDEX\/category\/noticias\/\" rel=\"category tag\">NOTICIAS<\/a>","rttpg_excerpt":"El Ministerio de Justicia inform\u00f3 que el pr\u00f3ximo lunes 14 se iniciar\u00e1 el pago a todos los beneficiarios de los Planes de Emergencia de la provincia correspondiente al mes de abril.El mismo se har\u00e1 efectivo de manera presencial en las sucursales de Capital y Banda del Banco Santiago del Estero (BSE) conforme al siguiente cronograma:&hellip;","_links":{"self":[{"href":"https:\/\/livingmultimediosde.net.ar\/INDEX\/wp-json\/wp\/v2\/posts\/13641","targetHints":{"allow":["GET"]}}],"collection":[{"href":"https:\/\/livingmultimediosde.net.ar\/INDEX\/wp-json\/wp\/v2\/posts"}],"about":[{"href":"https:\/\/livingmultimediosde.net.ar\/INDEX\/wp-json\/wp\/v2\/types\/post"}],"author":[{"embeddable":true,"href":"https:\/\/livingmultimediosde.net.ar\/INDEX\/wp-json\/wp\/v2\/users\/1"}],"replies":[{"embeddable":true,"href":"https:\/\/livingmultimediosde.net.ar\/INDEX\/wp-json\/wp\/v2\/comments?post=13641"}],"version-history":[{"count":1,"href":"https:\/\/livingmultimediosde.net.ar\/INDEX\/wp-json\/wp\/v2\/posts\/13641\/revisions"}],"predecessor-version":[{"id":13642,"href":"https:\/\/livingmultimediosde.net.ar\/INDEX\/wp-json\/wp\/v2\/posts\/13641\/revisions\/13642"}],"wp:attachment":[{"href":"https:\/\/livingmultimediosde.net.ar\/INDEX\/wp-json\/wp\/v2\/media?parent=13641"}],"wp:term":[{"taxonomy":"category","embeddable":true,"href":"https:\/\/livingmultimediosde.net.ar\/INDEX\/wp-json\/wp\/v2\/categories?post=13641"},{"taxonomy":"post_tag","embeddable":true,"href":"https:\/\/livingmultimediosde.net.ar\/INDEX\/wp-json\/wp\/v2\/tags?post=13641"}],"curies":[{"name":"wp","href":"https:\/\/api.w.org\/{rel}","templated":true}]}}