{"id":13635,"date":"2025-04-09T13:50:11","date_gmt":"2025-04-09T13:50:11","guid":{"rendered":"https:\/\/livingmultimediosde.net.ar\/INDEX\/?p=13635"},"modified":"2025-04-09T13:50:14","modified_gmt":"2025-04-09T13:50:14","slug":"rusia-y-estados-unidos-volveran-a-dialogar-en-estambul","status":"publish","type":"post","link":"https:\/\/livingmultimediosde.net.ar\/INDEX\/2025\/04\/rusia-y-estados-unidos-volveran-a-dialogar-en-estambul\/","title":{"rendered":"Rusia y Estados Unidos volver\u00e1n a dialogar en Estambul"},"content":{"rendered":"\n<p class=\"wp-block-paragraph\">Funcionarios rusos y estadounidenses sostendr\u00e1n una nueva ronda de conversaciones en Estambul en los pr\u00f3ximos d\u00edas, informaron medios de comunicaci\u00f3n locales que citaron al Ministerio de Relaciones Exteriores ruso.<\/p>\n\n\n\n<p class=\"wp-block-paragraph\">El nuevo embajador de Rusia en Estados Unidos, Alexander Darchiev, encabezar\u00e1 la delegaci\u00f3n rusa, y la subsecretaria de Estado adjunta, Sonata Coulter, liderar\u00e1 la parte estadounidense, explic\u00f3 el ministerio.<\/p>\n\n\n\n<p class=\"wp-block-paragraph\">Se seguir\u00e1 trabajando para \u00abeliminar los numerosos obst\u00e1culos t\u00e9cnicos que dificultan el trabajo de los diplom\u00e1ticos\u00bb de ambos pa\u00edses, a\u00f1adi\u00f3 el ministerio.<\/p>\n\n\n\n<p class=\"wp-block-paragraph\">Funcionarios rusos y estadounidenses se reunieron previamente en Estambul el 27 de febrero, donde las partes abordaron asuntos bilaterales, record\u00f3 un informe de la agencia de noticias Xinhua.<\/p>\n\n\n\n<p class=\"wp-block-paragraph\">Advertencia de Rusia<br>La presencia de cualquier tropa extranjera en Ucrania ser\u00eda considerada como una amenaza para Rusia, advirti\u00f3 este mi\u00e9rcoles la portavoz del Ministerio de Relaciones Exteriores ruso, Maria Zakharova.<\/p>\n\n\n\n<p class=\"wp-block-paragraph\">\u00abCualquier presencia militar extranjera en Ucrania, independientemente de la bandera, los distintivos o los mandatos declarados, ser\u00e1 considerada por la Federaci\u00f3n de Rusia como una amenaza para la seguridad de nuestro pa\u00eds\u00bb, resalt\u00f3 Zakharova en una conferencia de prensa.<\/p>\n\n\n\n<p class=\"wp-block-paragraph\">Advirti\u00f3 que esa presencia militar plantea el riesgo de una confrontaci\u00f3n directa entre Rusia y los miembros de la OTAN que participan en esas misiones y, en \u00faltima instancia, entre la alianza en su conjunto.<\/p>\n\n\n\n<p class=\"wp-block-paragraph\">El presidente de Francia, Emmanuel Macron, dio a conocer una serie de iniciativas para apoyar a Ucrania en una cumbre en Par\u00eds el 27 de marzo.<\/p>\n\n\n\n<p class=\"wp-block-paragraph\">Propuso desplegar \u00abfuerzas de seguridad\u00bb de algunos Estados miembros de la UE dispuestos a hacerlo en ubicaciones estrat\u00e9gicas en Ucrania si se alcanzara un acuerdo de paz con Rusia.<\/p>\n\n\n\n<p class=\"wp-block-paragraph\">El ministro de Exteriores ruso, Sergei Lavrov, tambi\u00e9n advirti\u00f3 que el potencial despliegue de tropas europeas en Ucrania ser\u00eda una amenaza para Rusia y que Mosc\u00fa no ve \u00abespacio para un compromiso\u00bb sobre el tema.<\/p>\n","protected":false},"excerpt":{"rendered":"<p>Funcionarios rusos y estadounidenses sostendr\u00e1n una nueva ronda de conversaciones en Estambul en los pr\u00f3ximos d\u00edas, informaron medios de comunicaci\u00f3n locales que citaron al Ministerio de Relaciones Exteriores ruso. El nuevo embajador de Rusia en Estados Unidos, Alexander Darchiev, encabezar\u00e1 la delegaci\u00f3n rusa, y la subsecretaria de Estado adjunta, Sonata Coulter, liderar\u00e1 la parte estadounidense, explic\u00f3 el ministerio. Se seguir\u00e1 trabajando para \u00abeliminar los numerosos obst\u00e1culos t\u00e9cnicos que dificultan el trabajo de los diplom\u00e1ticos\u00bb de ambos pa\u00edses, a\u00f1adi\u00f3 el ministerio. Funcionarios rusos y estadounidenses se reunieron previamente en Estambul el&hellip;<\/p>\n","protected":false},"author":1,"featured_media":0,"comment_status":"closed","ping_status":"closed","sticky":false,"template":"","format":"standard","meta":{"footnotes":""},"categories":[4],"tags":[],"class_list":["post-13635","post","type-post","status-publish","format-standard","hentry","category-interes-general"],"rttpg_featured_image_url":null,"rttpg_author":{"display_name":"rober","author_link":"https:\/\/livingmultimediosde.net.ar\/INDEX\/author\/rober\/"},"rttpg_comment":0,"rttpg_category":"<a href=\"https:\/\/livingmultimediosde.net.ar\/INDEX\/category\/interes-general\/\" rel=\"category tag\">INTERES GENERAL<\/a>","rttpg_excerpt":"Funcionarios rusos y estadounidenses sostendr\u00e1n una nueva ronda de conversaciones en Estambul en los pr\u00f3ximos d\u00edas, informaron medios de comunicaci\u00f3n locales que citaron al Ministerio de Relaciones Exteriores ruso. El nuevo embajador de Rusia en Estados Unidos, Alexander Darchiev, encabezar\u00e1 la delegaci\u00f3n rusa, y la subsecretaria de Estado adjunta, Sonata Coulter, liderar\u00e1 la parte estadounidense,&hellip;","_links":{"self":[{"href":"https:\/\/livingmultimediosde.net.ar\/INDEX\/wp-json\/wp\/v2\/posts\/13635","targetHints":{"allow":["GET"]}}],"collection":[{"href":"https:\/\/livingmultimediosde.net.ar\/INDEX\/wp-json\/wp\/v2\/posts"}],"about":[{"href":"https:\/\/livingmultimediosde.net.ar\/INDEX\/wp-json\/wp\/v2\/types\/post"}],"author":[{"embeddable":true,"href":"https:\/\/livingmultimediosde.net.ar\/INDEX\/wp-json\/wp\/v2\/users\/1"}],"replies":[{"embeddable":true,"href":"https:\/\/livingmultimediosde.net.ar\/INDEX\/wp-json\/wp\/v2\/comments?post=13635"}],"version-history":[{"count":1,"href":"https:\/\/livingmultimediosde.net.ar\/INDEX\/wp-json\/wp\/v2\/posts\/13635\/revisions"}],"predecessor-version":[{"id":13637,"href":"https:\/\/livingmultimediosde.net.ar\/INDEX\/wp-json\/wp\/v2\/posts\/13635\/revisions\/13637"}],"wp:attachment":[{"href":"https:\/\/livingmultimediosde.net.ar\/INDEX\/wp-json\/wp\/v2\/media?parent=13635"}],"wp:term":[{"taxonomy":"category","embeddable":true,"href":"https:\/\/livingmultimediosde.net.ar\/INDEX\/wp-json\/wp\/v2\/categories?post=13635"},{"taxonomy":"post_tag","embeddable":true,"href":"https:\/\/livingmultimediosde.net.ar\/INDEX\/wp-json\/wp\/v2\/tags?post=13635"}],"curies":[{"name":"wp","href":"https:\/\/api.w.org\/{rel}","templated":true}]}}