{"id":13629,"date":"2025-04-09T13:41:01","date_gmt":"2025-04-09T13:41:01","guid":{"rendered":"https:\/\/livingmultimediosde.net.ar\/INDEX\/?p=13629"},"modified":"2025-04-09T13:41:04","modified_gmt":"2025-04-09T13:41:04","slug":"8-de-cada-10-hombres-valoran-ejercer-una-paternidad-mas-presente","status":"publish","type":"post","link":"https:\/\/livingmultimediosde.net.ar\/INDEX\/2025\/04\/8-de-cada-10-hombres-valoran-ejercer-una-paternidad-mas-presente\/","title":{"rendered":"8 de cada 10 hombres valoran ejercer una paternidad m\u00e1s presente"},"content":{"rendered":"\n<p class=\"wp-block-paragraph\">La \u00faltima d\u00e9cada se vio marcada por el cambio social a nivel mundial, con un fuerte impacto en nuestro pa\u00eds, alrededor de la reivindicaci\u00f3n del rol de la mujer, la igualdad de oportunidades y el valor de la diversidad y la inclusi\u00f3n. Un innovador relevamiento indag\u00f3 sobre el impacto de esta tendencia en los hombres, su mirada, sus emociones, sus prejuicios y tambi\u00e9n c\u00f3mo se reconfiguran las familias, sus din\u00e1micas y roles.<\/p>\n\n\n\n<p class=\"wp-block-paragraph\">Una consultora llev\u00f3 adelante en Argentina un estudio cualicuantitativo denominado \u201cEl desaf\u00edo de la masculinidad: explorando el lugar de los hombres a los cambios sociales actuales\u201d. Del mismo participaron 500 hombres de entre 16 y 60 a\u00f1os, de diferentes niveles socioecon\u00f3micos, residentes del AMBA y las principales ciudades del interior del pa\u00eds. En t\u00e9rminos cualitativos se realizaron 16 entrevistas en profundidad segmentadas por ciclo de vida.<\/p>\n\n\n\n<p class=\"wp-block-paragraph\">El informe arroj\u00f3 que existe una conciencia bastante generalizada sobre la importancia de tener un mundo m\u00e1s igualitario con m\u00e1s derechos para todos, en especial para las mujeres. El 82% acuerda con que es necesaria la igualdad de g\u00e9nero; el 75% cree que es importante que en las parejas las cargas y responsabilidades sean equitativas y el 70% cree que deben igualarse los salarios entre hombres y mujeres para las mismas tareas.<\/p>\n\n\n\n<p class=\"wp-block-paragraph\">\u201cLos nuevos acuerdos van detr\u00e1s de la b\u00fasqueda de igualdad en los espacios de trabajo, en las tareas del hogar, en la ciencia, en la tecnolog\u00eda y en el deporte. El machismo como ideolog\u00eda que supon\u00eda el sometimiento de la mujer y el desbalance de poder, responsabilidades y cargas, hoy se encuentra en disputa, al menos en el plano discursivo\u201d, sostuvo Juan Pablo As\u00eds, Managing Partner de la consultora PROVOKERS para Cono Sur.<\/p>\n\n\n\n<p class=\"wp-block-paragraph\">Igualmente, no es universal el esp\u00edritu reformador: persiste un 32% de los hombres que cree que debe \u201cvolverse a los valores tradicionales de nuestros padres y abuelos\u201d, un 20% sostiene \u201cque las mujeres est\u00e1n m\u00e1s aptas para criar hijos o que no es bueno que ellas trabajen fuera de la casa\u201d y un 13% inclusive dice sentirse inc\u00f3modo con la independencia econ\u00f3mica de su pareja.<\/p>\n\n\n\n<p class=\"wp-block-paragraph\">La mayor\u00eda ve como positivo que las mujeres de su entorno crezcan y vivan con m\u00e1s libertad y oportunidades. Eso s\u00ed, la equiparaci\u00f3n de roles no estar\u00eda exenta de tensiones y conflictos: uno de cada tres dice sentirse criticado por el solo hecho de ser hombre; algunos refirieron que \u201chay mujeres que los hacen sentir en falta o incluso como enemigos\u201d.<\/p>\n\n\n\n<p class=\"wp-block-paragraph\">Dejar atr\u00e1s al padre ausente<br>La \u201cnueva masculinidad\u201d ir\u00eda detr\u00e1s de reemplazar los mandatos hist\u00f3ricos asociados al hombre por nuevos valores que los hagan ser m\u00e1s felices y libres. El 75% valora que hoy pueden forjar v\u00ednculos afectivos m\u00e1s sanos e igualitarios. \u201cRefieren establecer relaciones m\u00e1s abiertas y comunicativas, expresar sus emociones y permitirse ser vulnerables, aunque en ambientes seguros, con amigos cercanos, uno a uno, o con sus parejas\u201d, explic\u00f3 As\u00eds.<\/p>\n\n\n\n<p class=\"wp-block-paragraph\">El 79% valora que hoy se puede tener una paternidad m\u00e1s presente y compartida y el 80% ve como positivo que hoy se hacen las tareas de la casa en igualdad de condiciones. Evidentemente, el rol del hombre en el hogar fue reconfigur\u00e1ndose y este va encontrando distintos aspectos en los que se involucra: por ejemplo, el de la alimentaci\u00f3n de sus hijos.<br>Un apartado de esta investigaci\u00f3n hizo foco en el nuevo rol del padre durante las primeras etapas de la vida de sus hijos, y consisti\u00f3 en un relevamiento cuantitativo online a m\u00e1s de 450 familias.<\/p>\n\n\n\n<p class=\"wp-block-paragraph\">Entre sus principales hallazgos, 9 de cada 10 participantes reconocen que alimentar a los hijos es una vivencia \u00fanica de pura entrega amorosa, pero era algo antes reservado casi con exclusividad para las madres, tanto para las que amamantaban como las que no pod\u00edan -o no eleg\u00edan- hacerlo.<\/p>\n\n\n\n<p class=\"wp-block-paragraph\">M\u00e1s all\u00e1 del consenso alrededor de que la lactancia materna es el mejor alimento para la primera infancia, la leche de f\u00f3rmula surge como mejor alternativa y cumple un rol importante en el bienestar emocional de la familia. En este sub estudio, 3 de cada 4 encuestados consideran que aporta autonom\u00eda para la madre -porque le permite recuperar determinados espacios- al incorporar a otras personas en la alimentaci\u00f3n, sobre todo los padres, favoreciendo (tal como sostuvo el 72%) la generaci\u00f3n de ese v\u00ednculo y del mundo emocional de los ni\u00f1os.<\/p>\n\n\n\n<p class=\"wp-block-paragraph\">\u201cEstamos siendo testigos y protagonistas de un cambio de \u00e9poca en lo que refiere a la configuraci\u00f3n de las familias, de los roles y de la mirada de la sociedad sobre todos estos temas. Toda esta nueva evidencia invita a cada persona a reevaluar sus propios prejuicios y mandatos, que -en ocasiones- nos hacen se\u00f1alar al que piensa o hace diferente de c\u00f3mo nosotros miramos el mundo. Seguiremos investigando para profundizar sobre estos temas y reforzar su visibilidad en la comunidad\u201d, concluyeron desde la consultora.<\/p>\n","protected":false},"excerpt":{"rendered":"<p>La \u00faltima d\u00e9cada se vio marcada por el cambio social a nivel mundial, con un fuerte impacto en nuestro pa\u00eds, alrededor de la reivindicaci\u00f3n del rol de la mujer, la igualdad de oportunidades y el valor de la diversidad y la inclusi\u00f3n. Un innovador relevamiento indag\u00f3 sobre el impacto de esta tendencia en los hombres, su mirada, sus emociones, sus prejuicios y tambi\u00e9n c\u00f3mo se reconfiguran las familias, sus din\u00e1micas y roles. Una consultora llev\u00f3 adelante en Argentina un estudio cualicuantitativo denominado \u201cEl desaf\u00edo de la masculinidad: explorando el lugar&hellip;<\/p>\n","protected":false},"author":1,"featured_media":0,"comment_status":"closed","ping_status":"closed","sticky":false,"template":"","format":"standard","meta":{"footnotes":""},"categories":[4],"tags":[],"class_list":["post-13629","post","type-post","status-publish","format-standard","hentry","category-interes-general"],"rttpg_featured_image_url":null,"rttpg_author":{"display_name":"rober","author_link":"https:\/\/livingmultimediosde.net.ar\/INDEX\/author\/rober\/"},"rttpg_comment":0,"rttpg_category":"<a href=\"https:\/\/livingmultimediosde.net.ar\/INDEX\/category\/interes-general\/\" rel=\"category tag\">INTERES GENERAL<\/a>","rttpg_excerpt":"La \u00faltima d\u00e9cada se vio marcada por el cambio social a nivel mundial, con un fuerte impacto en nuestro pa\u00eds, alrededor de la reivindicaci\u00f3n del rol de la mujer, la igualdad de oportunidades y el valor de la diversidad y la inclusi\u00f3n. Un innovador relevamiento indag\u00f3 sobre el impacto de esta tendencia en los hombres,&hellip;","_links":{"self":[{"href":"https:\/\/livingmultimediosde.net.ar\/INDEX\/wp-json\/wp\/v2\/posts\/13629","targetHints":{"allow":["GET"]}}],"collection":[{"href":"https:\/\/livingmultimediosde.net.ar\/INDEX\/wp-json\/wp\/v2\/posts"}],"about":[{"href":"https:\/\/livingmultimediosde.net.ar\/INDEX\/wp-json\/wp\/v2\/types\/post"}],"author":[{"embeddable":true,"href":"https:\/\/livingmultimediosde.net.ar\/INDEX\/wp-json\/wp\/v2\/users\/1"}],"replies":[{"embeddable":true,"href":"https:\/\/livingmultimediosde.net.ar\/INDEX\/wp-json\/wp\/v2\/comments?post=13629"}],"version-history":[{"count":1,"href":"https:\/\/livingmultimediosde.net.ar\/INDEX\/wp-json\/wp\/v2\/posts\/13629\/revisions"}],"predecessor-version":[{"id":13631,"href":"https:\/\/livingmultimediosde.net.ar\/INDEX\/wp-json\/wp\/v2\/posts\/13629\/revisions\/13631"}],"wp:attachment":[{"href":"https:\/\/livingmultimediosde.net.ar\/INDEX\/wp-json\/wp\/v2\/media?parent=13629"}],"wp:term":[{"taxonomy":"category","embeddable":true,"href":"https:\/\/livingmultimediosde.net.ar\/INDEX\/wp-json\/wp\/v2\/categories?post=13629"},{"taxonomy":"post_tag","embeddable":true,"href":"https:\/\/livingmultimediosde.net.ar\/INDEX\/wp-json\/wp\/v2\/tags?post=13629"}],"curies":[{"name":"wp","href":"https:\/\/api.w.org\/{rel}","templated":true}]}}