{"id":13626,"date":"2025-04-09T13:36:11","date_gmt":"2025-04-09T13:36:11","guid":{"rendered":"https:\/\/livingmultimediosde.net.ar\/INDEX\/?p=13626"},"modified":"2025-04-09T13:36:13","modified_gmt":"2025-04-09T13:36:13","slug":"hcd-norma-fuentes-brindara-su-discurso-anual-de-gestion-el-16-de-mayo-proximo","status":"publish","type":"post","link":"https:\/\/livingmultimediosde.net.ar\/INDEX\/2025\/04\/hcd-norma-fuentes-brindara-su-discurso-anual-de-gestion-el-16-de-mayo-proximo\/","title":{"rendered":"HCD: Norma Fuentes brindar\u00e1 su discurso anual de gesti\u00f3n el 16 de mayo pr\u00f3ximo"},"content":{"rendered":"\n<p class=\"wp-block-paragraph\">08.04.25 El HCD prorrog\u00f3, por unanimidad, la solicitud de la Intendente de la Capital. Los ediles, saludaron en su 66 aniversario, al populoso barrio \u201c8 de abril\u201d. La Capital adhiere al R\u00e9gimen Preventivo y de Control de Actividades con Metales no ferrosos, en todos sus t\u00e9rminos. Se llev\u00f3 a cabo la sexta sesi\u00f3n ordinaria del H. Concejo Deliberante de la Capital, presidida por su titular, Humberto Eduardo Santill\u00e1n y la presencia de 11 ediles.<\/p>\n\n\n\n<p class=\"wp-block-paragraph\">En la oportunidad, se dio ingreso y aprobaci\u00f3n a la comunicaci\u00f3n, que elev\u00f3 la titular del DEM, Ing. Norma Fuentes, comunicando que, en cumplimiento a lo que dispone la Carta Org\u00e1nica Municipal el Art\u00edculo 65 Inc. 19, el 16 de mayo pr\u00f3ximo dirigir\u00e1 su mensaje anual ante el cuerpo de ediles capitalinos y comunidad toda.<\/p>\n\n\n\n<p class=\"wp-block-paragraph\">Previo al desarrollo del plenario, se realiz\u00f3 el acto de entrega de la Resoluci\u00f3n 12\/2025 de felicitaciones a los integrantes de \u201cSulsa Escuela Marcial\u201d por los logros obtenidos en el Torneo Nacional de Kickboxing \u2013 Wako, celebrado en Posadas, provincia de Misiones, el pasado 1 y 2 de marzo. Recibi\u00f3, en nombre de la instituci\u00f3n y compa\u00f1eros, la Resoluci\u00f3n 12\/2025 correspondiente el joven, \u00c1ngel Pinto, campe\u00f3n en King Light y Light Contact. Participaron de la breve ceremonia protocolar, el presidente y los ediles Carlos Rodolfo Basualdo y Aida L. Soria<\/p>\n\n\n\n<p class=\"wp-block-paragraph\"><\/p>\n\n\n\n<p class=\"wp-block-paragraph\">En la ocasi\u00f3n, se reserv\u00f3, se trat\u00f3 sobre tablas y se sancion\u00f3 la Resoluci\u00f3n promovida por el Frente C\u00edvico, por la que \u201cse felicita a los vecinos e instituciones del Barrio 8 de abril, populoso sector barrial de nuestra ciudad, que diera, sobre todo, distinguidos representantes de nuestro acervo cultural y deportivo, en sus 66\u00ba a\u00f1os de vida\u201d.<\/p>\n\n\n\n<p class=\"wp-block-paragraph\">Se remitir\u00e1 copia fiel de la Ordenanza y plaqueta de reconocimiento al Centro Vecinal \u201c8 de abril\u201d, del barrio hom\u00f3nimo.<\/p>\n\n\n\n<p class=\"wp-block-paragraph\">Orden del D\u00eda<\/p>\n\n\n\n<p class=\"wp-block-paragraph\">En la oportunidad, con despacho de comisi\u00f3n se sancionaron varias iniciativas:<\/p>\n\n\n\n<p class=\"wp-block-paragraph\">Se sancion\u00f3 el despacho por el cual \u201cla Municipalidad de la Capital, adhiere a la Ley Provincial N\u00ba 7.390, que establece el R\u00e9gimen Preventivo y de Control de Actividades con Metales no ferrosos, en todos sus t\u00e9rminos\u201d.<\/p>\n\n\n\n<p class=\"wp-block-paragraph\">En los fundamentos, la bancada oficialista sostuvo que, la precitada ley alcanza en su regulaci\u00f3n a personas humanas o jur\u00eddicas que realicen actividades de car\u00e1cter comercial de manera permanente o eventual con metales no ferrosos, cobre y aluminio, delimitando, asimismo, los materiales que quedan englobados bajo esta denominaci\u00f3n mediante enumeraci\u00f3n que no reviste car\u00e1cter taxativo y que comprende a todos los metales que no son hierro y a sus aleaciones;<\/p>\n\n\n\n<p class=\"wp-block-paragraph\">Asimismo, a su vez, designa como autoridad de aplicaci\u00f3n al Ministerio de Gobierno y Seguridad de la provincia o al organismo que en el futuro lo reemplace, con facultades para exigir el cumplimiento de la ley, hacer cesar los efectos de cualquier infracci\u00f3n a la misma y requerir la documentaci\u00f3n respaldatoria de las actividades comerciales correspondientes.<\/p>\n\n\n\n<p class=\"wp-block-paragraph\">Informa que dispone la creaci\u00f3n de un Registro de Actividades Vinculadas a la Comercializaci\u00f3n de Metales No Ferrosos y Otros, en el que deben estar inscriptas las personas que en su actividad comercial involucren los metales descriptos en la ley, a la vez que establece sanciones ante la inobservancia de sus disposiciones, como ser multas, decomiso, e inclusive clausura del establecimiento o inhabilitaci\u00f3n del infractor, conforme amerite el caso, previa tramitaci\u00f3n de sumario que establezca la reglamentaci\u00f3n de la ley.<\/p>\n\n\n\n<p class=\"wp-block-paragraph\">De esta manera, se concibe a la legislaci\u00f3n existente como una respuesta frente a la problem\u00e1tica creciente de robo de cables para la sustracci\u00f3n de materiales no ferrosos, lo que afecta tanto la infraestructura como la seguridad de la comunidad, obstaculizando el normal funcionamiento de servicios esenciales como ser provisi\u00f3n de electricidad, telefon\u00eda e internet.<\/p>\n\n\n\n<p class=\"wp-block-paragraph\">Subraya que, por lo tanto, resulta primordial la intervenci\u00f3n del Estado, con objeto de activar mecanismos que aseguren la trazabilidad de los metales no ferrosos a los fines de controlar su origen y destino, procurando de esta manera desarticular el mercado ilegal y prevenir la proliferaci\u00f3n de delitos a estos materiales, contribuyendo as\u00ed, a la seguridad de la comunidad.<\/p>\n\n\n\n<p class=\"wp-block-paragraph\">Concluye se\u00f1alando que, la existencia de un marco legal especifico y su consecuente adhesi\u00f3n a nivel municipal, resulta imprescindible a efectos de llevar delante de un trabajo articulado entre las diferentes entidades y organismos involucrados, tendientes a su control y fiscalizaci\u00f3n id\u00f3neos de este tipo de actividades la existencia de un marco legal especifico y su consecuente adhesi\u00f3n a nivel municipal, resulta imprescindible a efectos de llevar delante de un trabajo articulado entre las diferentes entidades y organismos involucrados, tendientes a su control y fiscalizaci\u00f3n id\u00f3neos de este tipo de actividades.<\/p>\n\n\n\n<p class=\"wp-block-paragraph\">Acto seguido se consider\u00f3 el despacho de una Ordenanza, promovida por el bloque del Frente C\u00edvico, por la que \u201cse declara de Inter\u00e9s Municipal, Social y Cultural, los eventos art\u00edsticos que se lleven a cabo el pr\u00f3ximo 10 de abril del 2.025, en el marco del 13\u00b0 aniversario del fallecimiento del canta autor santiague\u00f1o Jorge V\u00e9liz, en el domicilio sito en calle Magallanes y Av. del Libertador del barrio Juan Felipe Ibarra y de conformidad a lo establecido en la Ordenanza N\u00b0 4.803\/2013. \u2013<\/p>\n\n\n\n<p class=\"wp-block-paragraph\">Se recuerda en memoria del canta autor santiague\u00f1o en la fecha indicada, como el \u201cD\u00eda de la Guaracha Santiague\u00f1a\u201d.<\/p>\n\n\n\n<p class=\"wp-block-paragraph\">La iniciativa del HCD, tiende a homenajear el legado de su m\u00fasica y su huella en la cultura santiague\u00f1a.<\/p>\n\n\n\n<p class=\"wp-block-paragraph\">Con motivo de rendirle un homenaje, en un nuevo aniversario de su fallecimiento, los m\u00fasicos que conformaron su conjunto, junto a familiares y amigos organizaron un festival musical en el domicilio de su progenitora, sito en Magallanes y Av. del Libertador, en el barrio Juan Felipe Ibarra.<\/p>\n\n\n\n<p class=\"wp-block-paragraph\">Se sancion\u00f3 la Resoluci\u00f3n promovida por el Frente C\u00edvico por la que \u201csolicita al Departamento Ejecutivo Municipal que, a trav\u00e9s del \u00e1rea correspondiente, proceda al estudio de factibilidad t\u00e9cnica y presupuestaria para realizar la obra de colocaci\u00f3n de un reductor de velocidad en calle Trinidad y Tobago, entre calles Paraguay y Uruguay del barrio Am\u00e9rica del Sur.<\/p>\n\n\n\n<p class=\"wp-block-paragraph\">Se sancion\u00f3 la Resoluci\u00f3n, promovida por el bloque Libres de Sur, por la que \u201csolicita al Departamento Ejecutivo Municipal que, a trav\u00e9s del \u00e1rea correspondiente, proceda al estudio de factibilidad t\u00e9cnica y presupuestaria para la reparaci\u00f3n del bache ubicado en calle Andes entre Avenida Belgrano y C\u00f3rdoba del barrio Centenario.<\/p>\n\n\n\n<p class=\"wp-block-paragraph\">Por \u00faltimo, se sancion\u00f3 la Resoluci\u00f3n, promovida por el bloque Juntos por el Cambio, por la que \u201csolicita al Departamento Ejecutivo Municipal que, a trav\u00e9s Solicitar al Departamento Ejecutivo Municipal que, a trav\u00e9s del \u00e1rea correspondiente, proceda al estudio de factibilidad t\u00e9cnica y presupuestaria para la reparaci\u00f3n de calzada en intersecci\u00f3n de las calles Jujuy y Gorriti del Barrio Parque Aguirre. \u2013<\/p>\n","protected":false},"excerpt":{"rendered":"<p>08.04.25 El HCD prorrog\u00f3, por unanimidad, la solicitud de la Intendente de la Capital. Los ediles, saludaron en su 66 aniversario, al populoso barrio \u201c8 de abril\u201d. La Capital adhiere al R\u00e9gimen Preventivo y de Control de Actividades con Metales no ferrosos, en todos sus t\u00e9rminos. Se llev\u00f3 a cabo la sexta sesi\u00f3n ordinaria del H. Concejo Deliberante de la Capital, presidida por su titular, Humberto Eduardo Santill\u00e1n y la presencia de 11 ediles. En la oportunidad, se dio ingreso y aprobaci\u00f3n a la comunicaci\u00f3n, que elev\u00f3 la titular del&hellip;<\/p>\n","protected":false},"author":1,"featured_media":0,"comment_status":"closed","ping_status":"closed","sticky":false,"template":"","format":"standard","meta":{"footnotes":""},"categories":[3],"tags":[],"class_list":["post-13626","post","type-post","status-publish","format-standard","hentry","category-hcd-capital"],"rttpg_featured_image_url":null,"rttpg_author":{"display_name":"rober","author_link":"https:\/\/livingmultimediosde.net.ar\/INDEX\/author\/rober\/"},"rttpg_comment":0,"rttpg_category":"<a href=\"https:\/\/livingmultimediosde.net.ar\/INDEX\/category\/hcd-capital\/\" rel=\"category tag\">HCD CAPITAL<\/a>","rttpg_excerpt":"08.04.25 El HCD prorrog\u00f3, por unanimidad, la solicitud de la Intendente de la Capital. Los ediles, saludaron en su 66 aniversario, al populoso barrio \u201c8 de abril\u201d. La Capital adhiere al R\u00e9gimen Preventivo y de Control de Actividades con Metales no ferrosos, en todos sus t\u00e9rminos. Se llev\u00f3 a cabo la sexta sesi\u00f3n ordinaria del&hellip;","_links":{"self":[{"href":"https:\/\/livingmultimediosde.net.ar\/INDEX\/wp-json\/wp\/v2\/posts\/13626","targetHints":{"allow":["GET"]}}],"collection":[{"href":"https:\/\/livingmultimediosde.net.ar\/INDEX\/wp-json\/wp\/v2\/posts"}],"about":[{"href":"https:\/\/livingmultimediosde.net.ar\/INDEX\/wp-json\/wp\/v2\/types\/post"}],"author":[{"embeddable":true,"href":"https:\/\/livingmultimediosde.net.ar\/INDEX\/wp-json\/wp\/v2\/users\/1"}],"replies":[{"embeddable":true,"href":"https:\/\/livingmultimediosde.net.ar\/INDEX\/wp-json\/wp\/v2\/comments?post=13626"}],"version-history":[{"count":1,"href":"https:\/\/livingmultimediosde.net.ar\/INDEX\/wp-json\/wp\/v2\/posts\/13626\/revisions"}],"predecessor-version":[{"id":13628,"href":"https:\/\/livingmultimediosde.net.ar\/INDEX\/wp-json\/wp\/v2\/posts\/13626\/revisions\/13628"}],"wp:attachment":[{"href":"https:\/\/livingmultimediosde.net.ar\/INDEX\/wp-json\/wp\/v2\/media?parent=13626"}],"wp:term":[{"taxonomy":"category","embeddable":true,"href":"https:\/\/livingmultimediosde.net.ar\/INDEX\/wp-json\/wp\/v2\/categories?post=13626"},{"taxonomy":"post_tag","embeddable":true,"href":"https:\/\/livingmultimediosde.net.ar\/INDEX\/wp-json\/wp\/v2\/tags?post=13626"}],"curies":[{"name":"wp","href":"https:\/\/api.w.org\/{rel}","templated":true}]}}