{"id":13620,"date":"2025-04-08T19:25:31","date_gmt":"2025-04-08T19:25:31","guid":{"rendered":"https:\/\/livingmultimediosde.net.ar\/INDEX\/?p=13620"},"modified":"2025-04-08T19:25:34","modified_gmt":"2025-04-08T19:25:34","slug":"firma-de-convenio-para-capacitar-a-docentes-de-los-jardines-de-infantes-municipales","status":"publish","type":"post","link":"https:\/\/livingmultimediosde.net.ar\/INDEX\/2025\/04\/firma-de-convenio-para-capacitar-a-docentes-de-los-jardines-de-infantes-municipales\/","title":{"rendered":"FIRMA DE CONVENIO PARA CAPACITAR A DOCENTES DE LOS JARDINES DE INFANTES MUNICIPALES"},"content":{"rendered":"\n<p class=\"wp-block-paragraph\">La intendente de la Capital, Ing. Norma Fuentes y el rector de la Universidad Nacional de Santiago del Estero, Ing. H\u00e9ctor Paz, firmaron un convenio para propiciar capacitaciones tendientes a fortalecer las competencias pedag\u00f3gicas y de gesti\u00f3n de los docentes y directivos de los jardines de infantes municipales.<br>Tambi\u00e9n estuvieron presentes la vicerrectora de la UNSE, Marcela Ju\u00e1rez; el director de la EIE, Francisco Muratore; el secretario de Gobierno, N\u00e9stor Machado y la subsecretaria de Educaci\u00f3n y Desarrollo Comunitario, Nancy Bravo; entre otras autoridades.<br>El acuerdo incluye diferentes ejes de formaci\u00f3n, como el uso de tecnolog\u00edas digitales y de rob\u00f3tica, la capacidad de liderazgo y de gesti\u00f3n, estrategias de inclusi\u00f3n para ni\u00f1os con necesidades terap\u00e9uticas y programas de cuidado y conservaci\u00f3n del medio ambiente, entre otros.<br>En este sentido, la jefa comunal destac\u00f3 que \u00abm\u00e1s de 300 docentes se capacitar\u00e1n con este convenio, lo que demuestra su actitud comprometida y superadora, ya que siempre buscan perfeccionarse y dar lo mejor a los m\u00e1s peque\u00f1os y a sus familias\u00bb.<br>Adem\u00e1s, resalt\u00f3 \u00abla adquisici\u00f3n de modernos equipos tecnol\u00f3gicos que se distribuir\u00e1n en los 26 establecimientos educativos municipales para brindar las mismas oportunidades a todos los alumnos\u00bb.<br>En tanto, el rector de la UNSE, H\u00e9ctor Paz, valor\u00f3 la oportunidad \u00abde fortalecer los lazos institucionales de la universidad y el municipio para brindar una educaci\u00f3n de mayor calidad a los ni\u00f1os de los jardines de infantes, prepar\u00e1ndonos para afrontar los desaf\u00edos que propone el mundo actual en materia de tecnolog\u00eda y sustentabilidad ambiental\u00bb.<br>Asimismo, remarc\u00f3 el compromiso del municipio para defender a la educaci\u00f3n p\u00fablica, lo que redunda en beneficio de toda la comunidad con un Estado presente.<\/p>\n","protected":false},"excerpt":{"rendered":"<p>La intendente de la Capital, Ing. Norma Fuentes y el rector de la Universidad Nacional de Santiago del Estero, Ing. H\u00e9ctor Paz, firmaron un convenio para propiciar capacitaciones tendientes a fortalecer las competencias pedag\u00f3gicas y de gesti\u00f3n de los docentes y directivos de los jardines de infantes municipales.Tambi\u00e9n estuvieron presentes la vicerrectora de la UNSE, Marcela Ju\u00e1rez; el director de la EIE, Francisco Muratore; el secretario de Gobierno, N\u00e9stor Machado y la subsecretaria de Educaci\u00f3n y Desarrollo Comunitario, Nancy Bravo; entre otras autoridades.El acuerdo incluye diferentes ejes de formaci\u00f3n, como&hellip;<\/p>\n","protected":false},"author":1,"featured_media":0,"comment_status":"closed","ping_status":"closed","sticky":false,"template":"","format":"standard","meta":{"footnotes":""},"categories":[9],"tags":[],"class_list":["post-13620","post","type-post","status-publish","format-standard","hentry","category-noticias"],"rttpg_featured_image_url":null,"rttpg_author":{"display_name":"rober","author_link":"https:\/\/livingmultimediosde.net.ar\/INDEX\/author\/rober\/"},"rttpg_comment":0,"rttpg_category":"<a href=\"https:\/\/livingmultimediosde.net.ar\/INDEX\/category\/noticias\/\" rel=\"category tag\">NOTICIAS<\/a>","rttpg_excerpt":"La intendente de la Capital, Ing. Norma Fuentes y el rector de la Universidad Nacional de Santiago del Estero, Ing. H\u00e9ctor Paz, firmaron un convenio para propiciar capacitaciones tendientes a fortalecer las competencias pedag\u00f3gicas y de gesti\u00f3n de los docentes y directivos de los jardines de infantes municipales.Tambi\u00e9n estuvieron presentes la vicerrectora de la UNSE,&hellip;","_links":{"self":[{"href":"https:\/\/livingmultimediosde.net.ar\/INDEX\/wp-json\/wp\/v2\/posts\/13620","targetHints":{"allow":["GET"]}}],"collection":[{"href":"https:\/\/livingmultimediosde.net.ar\/INDEX\/wp-json\/wp\/v2\/posts"}],"about":[{"href":"https:\/\/livingmultimediosde.net.ar\/INDEX\/wp-json\/wp\/v2\/types\/post"}],"author":[{"embeddable":true,"href":"https:\/\/livingmultimediosde.net.ar\/INDEX\/wp-json\/wp\/v2\/users\/1"}],"replies":[{"embeddable":true,"href":"https:\/\/livingmultimediosde.net.ar\/INDEX\/wp-json\/wp\/v2\/comments?post=13620"}],"version-history":[{"count":1,"href":"https:\/\/livingmultimediosde.net.ar\/INDEX\/wp-json\/wp\/v2\/posts\/13620\/revisions"}],"predecessor-version":[{"id":13622,"href":"https:\/\/livingmultimediosde.net.ar\/INDEX\/wp-json\/wp\/v2\/posts\/13620\/revisions\/13622"}],"wp:attachment":[{"href":"https:\/\/livingmultimediosde.net.ar\/INDEX\/wp-json\/wp\/v2\/media?parent=13620"}],"wp:term":[{"taxonomy":"category","embeddable":true,"href":"https:\/\/livingmultimediosde.net.ar\/INDEX\/wp-json\/wp\/v2\/categories?post=13620"},{"taxonomy":"post_tag","embeddable":true,"href":"https:\/\/livingmultimediosde.net.ar\/INDEX\/wp-json\/wp\/v2\/tags?post=13620"}],"curies":[{"name":"wp","href":"https:\/\/api.w.org\/{rel}","templated":true}]}}