{"id":13608,"date":"2025-04-08T12:55:55","date_gmt":"2025-04-08T12:55:55","guid":{"rendered":"https:\/\/livingmultimediosde.net.ar\/INDEX\/?p=13608"},"modified":"2025-04-08T12:55:58","modified_gmt":"2025-04-08T12:55:58","slug":"lula-da-silva-asegura-que-brasil-tiene-un-colchon-de-reservas-para-enfrentar-medidas-de-trump","status":"publish","type":"post","link":"https:\/\/livingmultimediosde.net.ar\/INDEX\/2025\/04\/lula-da-silva-asegura-que-brasil-tiene-un-colchon-de-reservas-para-enfrentar-medidas-de-trump\/","title":{"rendered":"Lula da Silva asegura que Brasil tiene un \u00abcolch\u00f3n\u00bb de reservas para enfrentar medidas de Trump"},"content":{"rendered":"\n<p class=\"wp-block-paragraph\">El presidente de Brasil, Luiz In\u00e1cio Lula da Silva, asegur\u00f3 este lunes que el pa\u00eds sudamericano tiene un \u00abcolch\u00f3n\u00bb de reservas internacionales para resistir los embates financieros producto de los aranceles a las importaciones impuestos por Estados Unidos.<\/p>\n\n\n\n<p class=\"wp-block-paragraph\">\u00abEn mis dos primeros mandatos (2003-2010) hicimos una acumulaci\u00f3n de reservas internacionales que puede enfrentar cualquier crisis, incluso cuando el presidente Trump diga lo que lo quiera\u00bb, asegur\u00f3 el mandatario durante un acto en la ciudad de Cajamar, en el estado de Sao Paulo.<\/p>\n\n\n\n<p class=\"wp-block-paragraph\">\u00abBrasil est\u00e1 seguro porque tenemos un colch\u00f3n de 350.000 millones de d\u00f3lares que nos dan cierta tranquilidad\u00bb, reafirm\u00f3.<\/p>\n\n\n\n<p class=\"wp-block-paragraph\">Lula da Silva dijo que en 2003, cuando asumi\u00f3 por primera vez, Brasil, la principal econom\u00eda de Am\u00e9rica Latina, ten\u00eda problemas de endeudamiento y que logr\u00f3 ajustar las cuentas pagando 30.000 millones de deuda al Fondo Monetario Internacional (FMI) para dejar de depender de las orientaciones del organismo internacional.<\/p>\n\n\n\n<p class=\"wp-block-paragraph\">\u00abBrasil ten\u00eda problemas para crecer y en esos a\u00f1os pagamos al FMI y logramos crecer e hicimos reservas internacionales que siguen hasta hoy\u00bb, explic\u00f3 el mandatario de Brasil.<\/p>\n\n\n\n<p class=\"wp-block-paragraph\">La naci\u00f3n sudamericana recibi\u00f3 10 % de aranceles para todos sus productos que ingresen en Estados Unidos, luego de ser afectado, adem\u00e1s, por el aumento de tarifas en las ventas al pa\u00eds norteamericano de acero y aluminio.<\/p>\n\n\n\n<p class=\"wp-block-paragraph\">Esta semana, t\u00e9cnicos del Ministerio de Desarrollo, Industria y Comercio Exterior deb\u00edan reunirse en Washington con representantes estadounidenses de comercio para discutir el nuevo cuadro tarifario.<\/p>\n","protected":false},"excerpt":{"rendered":"<p>El presidente de Brasil, Luiz In\u00e1cio Lula da Silva, asegur\u00f3 este lunes que el pa\u00eds sudamericano tiene un \u00abcolch\u00f3n\u00bb de reservas internacionales para resistir los embates financieros producto de los aranceles a las importaciones impuestos por Estados Unidos. \u00abEn mis dos primeros mandatos (2003-2010) hicimos una acumulaci\u00f3n de reservas internacionales que puede enfrentar cualquier crisis, incluso cuando el presidente Trump diga lo que lo quiera\u00bb, asegur\u00f3 el mandatario durante un acto en la ciudad de Cajamar, en el estado de Sao Paulo. \u00abBrasil est\u00e1 seguro porque tenemos un colch\u00f3n de&hellip;<\/p>\n","protected":false},"author":1,"featured_media":0,"comment_status":"closed","ping_status":"closed","sticky":false,"template":"","format":"standard","meta":{"footnotes":""},"categories":[4],"tags":[],"class_list":["post-13608","post","type-post","status-publish","format-standard","hentry","category-interes-general"],"rttpg_featured_image_url":null,"rttpg_author":{"display_name":"rober","author_link":"https:\/\/livingmultimediosde.net.ar\/INDEX\/author\/rober\/"},"rttpg_comment":0,"rttpg_category":"<a href=\"https:\/\/livingmultimediosde.net.ar\/INDEX\/category\/interes-general\/\" rel=\"category tag\">INTERES GENERAL<\/a>","rttpg_excerpt":"El presidente de Brasil, Luiz In\u00e1cio Lula da Silva, asegur\u00f3 este lunes que el pa\u00eds sudamericano tiene un \u00abcolch\u00f3n\u00bb de reservas internacionales para resistir los embates financieros producto de los aranceles a las importaciones impuestos por Estados Unidos. \u00abEn mis dos primeros mandatos (2003-2010) hicimos una acumulaci\u00f3n de reservas internacionales que puede enfrentar cualquier crisis,&hellip;","_links":{"self":[{"href":"https:\/\/livingmultimediosde.net.ar\/INDEX\/wp-json\/wp\/v2\/posts\/13608","targetHints":{"allow":["GET"]}}],"collection":[{"href":"https:\/\/livingmultimediosde.net.ar\/INDEX\/wp-json\/wp\/v2\/posts"}],"about":[{"href":"https:\/\/livingmultimediosde.net.ar\/INDEX\/wp-json\/wp\/v2\/types\/post"}],"author":[{"embeddable":true,"href":"https:\/\/livingmultimediosde.net.ar\/INDEX\/wp-json\/wp\/v2\/users\/1"}],"replies":[{"embeddable":true,"href":"https:\/\/livingmultimediosde.net.ar\/INDEX\/wp-json\/wp\/v2\/comments?post=13608"}],"version-history":[{"count":1,"href":"https:\/\/livingmultimediosde.net.ar\/INDEX\/wp-json\/wp\/v2\/posts\/13608\/revisions"}],"predecessor-version":[{"id":13610,"href":"https:\/\/livingmultimediosde.net.ar\/INDEX\/wp-json\/wp\/v2\/posts\/13608\/revisions\/13610"}],"wp:attachment":[{"href":"https:\/\/livingmultimediosde.net.ar\/INDEX\/wp-json\/wp\/v2\/media?parent=13608"}],"wp:term":[{"taxonomy":"category","embeddable":true,"href":"https:\/\/livingmultimediosde.net.ar\/INDEX\/wp-json\/wp\/v2\/categories?post=13608"},{"taxonomy":"post_tag","embeddable":true,"href":"https:\/\/livingmultimediosde.net.ar\/INDEX\/wp-json\/wp\/v2\/tags?post=13608"}],"curies":[{"name":"wp","href":"https:\/\/api.w.org\/{rel}","templated":true}]}}