{"id":13599,"date":"2025-04-08T05:18:40","date_gmt":"2025-04-08T05:18:40","guid":{"rendered":"https:\/\/livingmultimediosde.net.ar\/INDEX\/?p=13599"},"modified":"2025-04-08T05:18:43","modified_gmt":"2025-04-08T05:18:43","slug":"jornada-de-concientizacion-con-vecinos-por-el-dia-de-la-salud","status":"publish","type":"post","link":"https:\/\/livingmultimediosde.net.ar\/INDEX\/2025\/04\/jornada-de-concientizacion-con-vecinos-por-el-dia-de-la-salud\/","title":{"rendered":"JORNADA DE CONCIENTIZACI\u00d3N CON VECINOS POR EL D\u00cdA DE LA SALUD"},"content":{"rendered":"\n<p class=\"wp-block-paragraph\">Por el D\u00eda Mundial de la Salud, el CIC Campo Contreras organiz\u00f3 una jornada especial en la plaza Teresa de Calculta, con el objetivo de promover el bienestar, la prevenci\u00f3n y el cuidado comunitario.<br>La actividad fue programada de manera conjunta con la escuela, el jard\u00edn de infantes y la UPA del barrio; adem\u00e1s del Punto Digital, la biblioteca popular y otras organizaciones no gubernamentales.<br>Hubo stands informativos, controles de presi\u00f3n arterial, test de HIV, actividades de prevenci\u00f3n, juegos, t\u00edteres y otras actividades que contaron con una gran participaci\u00f3n de ni\u00f1os, ni\u00f1as, padres, madres y vecinos del sector.<\/p>\n","protected":false},"excerpt":{"rendered":"<p>Por el D\u00eda Mundial de la Salud, el CIC Campo Contreras organiz\u00f3 una jornada especial en la plaza Teresa de Calculta, con el objetivo de promover el bienestar, la prevenci\u00f3n y el cuidado comunitario.La actividad fue programada de manera conjunta con la escuela, el jard\u00edn de infantes y la UPA del barrio; adem\u00e1s del Punto Digital, la biblioteca popular y otras organizaciones no gubernamentales.Hubo stands informativos, controles de presi\u00f3n arterial, test de HIV, actividades de prevenci\u00f3n, juegos, t\u00edteres y otras actividades que contaron con una gran participaci\u00f3n de ni\u00f1os, ni\u00f1as,&hellip;<\/p>\n","protected":false},"author":1,"featured_media":0,"comment_status":"closed","ping_status":"closed","sticky":false,"template":"","format":"standard","meta":{"footnotes":""},"categories":[9],"tags":[],"class_list":["post-13599","post","type-post","status-publish","format-standard","hentry","category-noticias"],"rttpg_featured_image_url":null,"rttpg_author":{"display_name":"rober","author_link":"https:\/\/livingmultimediosde.net.ar\/INDEX\/author\/rober\/"},"rttpg_comment":0,"rttpg_category":"<a href=\"https:\/\/livingmultimediosde.net.ar\/INDEX\/category\/noticias\/\" rel=\"category tag\">NOTICIAS<\/a>","rttpg_excerpt":"Por el D\u00eda Mundial de la Salud, el CIC Campo Contreras organiz\u00f3 una jornada especial en la plaza Teresa de Calculta, con el objetivo de promover el bienestar, la prevenci\u00f3n y el cuidado comunitario.La actividad fue programada de manera conjunta con la escuela, el jard\u00edn de infantes y la UPA del barrio; adem\u00e1s del Punto&hellip;","_links":{"self":[{"href":"https:\/\/livingmultimediosde.net.ar\/INDEX\/wp-json\/wp\/v2\/posts\/13599","targetHints":{"allow":["GET"]}}],"collection":[{"href":"https:\/\/livingmultimediosde.net.ar\/INDEX\/wp-json\/wp\/v2\/posts"}],"about":[{"href":"https:\/\/livingmultimediosde.net.ar\/INDEX\/wp-json\/wp\/v2\/types\/post"}],"author":[{"embeddable":true,"href":"https:\/\/livingmultimediosde.net.ar\/INDEX\/wp-json\/wp\/v2\/users\/1"}],"replies":[{"embeddable":true,"href":"https:\/\/livingmultimediosde.net.ar\/INDEX\/wp-json\/wp\/v2\/comments?post=13599"}],"version-history":[{"count":1,"href":"https:\/\/livingmultimediosde.net.ar\/INDEX\/wp-json\/wp\/v2\/posts\/13599\/revisions"}],"predecessor-version":[{"id":13601,"href":"https:\/\/livingmultimediosde.net.ar\/INDEX\/wp-json\/wp\/v2\/posts\/13599\/revisions\/13601"}],"wp:attachment":[{"href":"https:\/\/livingmultimediosde.net.ar\/INDEX\/wp-json\/wp\/v2\/media?parent=13599"}],"wp:term":[{"taxonomy":"category","embeddable":true,"href":"https:\/\/livingmultimediosde.net.ar\/INDEX\/wp-json\/wp\/v2\/categories?post=13599"},{"taxonomy":"post_tag","embeddable":true,"href":"https:\/\/livingmultimediosde.net.ar\/INDEX\/wp-json\/wp\/v2\/tags?post=13599"}],"curies":[{"name":"wp","href":"https:\/\/api.w.org\/{rel}","templated":true}]}}