{"id":13596,"date":"2025-04-08T05:17:04","date_gmt":"2025-04-08T05:17:04","guid":{"rendered":"https:\/\/livingmultimediosde.net.ar\/INDEX\/?p=13596"},"modified":"2025-04-08T05:17:07","modified_gmt":"2025-04-08T05:17:07","slug":"el-gobernador-recibio-autoridades-de-coaniquem-chile","status":"publish","type":"post","link":"https:\/\/livingmultimediosde.net.ar\/INDEX\/2025\/04\/el-gobernador-recibio-autoridades-de-coaniquem-chile\/","title":{"rendered":"El Gobernador recibi\u00f3 autoridades de Coaniquem Chile"},"content":{"rendered":"\n<p class=\"wp-block-paragraph\">El gobernador Gerardo Zamora recibi\u00f3 este lunes en el Sal\u00f3n de Acuerdos de Casa de Gobierno la visita de Ricardo Ayala Munizaga, co- fundador de Coaniquem Chile, una corporaci\u00f3n dedicada a ayudar a ni\u00f1os que sufrieron quemaduras, y al director de Extensi\u00f3n, Docencia e Investigaci\u00f3n y Asuntos Internacionales de esta organizaci\u00f3n, Orlando Flores Guerrero.<\/p>\n\n\n\n<p class=\"wp-block-paragraph\">Los profesionales se encuentran en Santiago del Estero para promover el Registro Latinoamericano de Quemaduras (RELAQ), donde participa la Organizaci\u00f3n Panamericana de la Salud, OPS, entre otras instituciones, para la cual eligieron al Cepsi como uno de los centros de referencia.<\/p>\n\n\n\n<p class=\"wp-block-paragraph\">Del encuentro participaron tambi\u00e9n la ministra de Salud de la provincia, Natividad Nassif, y el secretario de esta cartera, Gustavo Sabalza; junto con la directora ejecutiva del Cepsi, Liliana Romero; y la directora adjunta, Mar\u00eda Eugenia Gauna.<\/p>\n\n\n\n<p class=\"wp-block-paragraph\">Adem\u00e1s, de la responsable del Servicio de Quemados, Fanny Rond\u00f3n Torres; coordinadores de Terapia Intensiva, Gabriela L\u00f3pez Cruz; de Docencia, Capacitaci\u00f3n e Investigaci\u00f3n, Mario L\u00f3pez; el cirujano, Francisco Gallardo y la enfermera a cargo del \u00e1rea de Quemados del Cepsi, Claudia Rodr\u00edguez.<\/p>\n\n\n\n<p class=\"wp-block-paragraph\">Coaniquem es una instituci\u00f3n privada sin fines de lucro que brinda rehabilitaci\u00f3n gratuita a ni\u00f1os, y adolescentes con quemaduras y otras cicatrices. Se encuentra en Chile y fue fundada en 1979 por Jorge Rojas Zegers. Actualmente existen cuatro centros en ese pa\u00eds.<\/p>\n","protected":false},"excerpt":{"rendered":"<p>El gobernador Gerardo Zamora recibi\u00f3 este lunes en el Sal\u00f3n de Acuerdos de Casa de Gobierno la visita de Ricardo Ayala Munizaga, co- fundador de Coaniquem Chile, una corporaci\u00f3n dedicada a ayudar a ni\u00f1os que sufrieron quemaduras, y al director de Extensi\u00f3n, Docencia e Investigaci\u00f3n y Asuntos Internacionales de esta organizaci\u00f3n, Orlando Flores Guerrero. Los profesionales se encuentran en Santiago del Estero para promover el Registro Latinoamericano de Quemaduras (RELAQ), donde participa la Organizaci\u00f3n Panamericana de la Salud, OPS, entre otras instituciones, para la cual eligieron al Cepsi como uno&hellip;<\/p>\n","protected":false},"author":1,"featured_media":0,"comment_status":"closed","ping_status":"closed","sticky":false,"template":"","format":"standard","meta":{"footnotes":""},"categories":[9],"tags":[],"class_list":["post-13596","post","type-post","status-publish","format-standard","hentry","category-noticias"],"rttpg_featured_image_url":null,"rttpg_author":{"display_name":"rober","author_link":"https:\/\/livingmultimediosde.net.ar\/INDEX\/author\/rober\/"},"rttpg_comment":0,"rttpg_category":"<a href=\"https:\/\/livingmultimediosde.net.ar\/INDEX\/category\/noticias\/\" rel=\"category tag\">NOTICIAS<\/a>","rttpg_excerpt":"El gobernador Gerardo Zamora recibi\u00f3 este lunes en el Sal\u00f3n de Acuerdos de Casa de Gobierno la visita de Ricardo Ayala Munizaga, co- fundador de Coaniquem Chile, una corporaci\u00f3n dedicada a ayudar a ni\u00f1os que sufrieron quemaduras, y al director de Extensi\u00f3n, Docencia e Investigaci\u00f3n y Asuntos Internacionales de esta organizaci\u00f3n, Orlando Flores Guerrero. Los&hellip;","_links":{"self":[{"href":"https:\/\/livingmultimediosde.net.ar\/INDEX\/wp-json\/wp\/v2\/posts\/13596","targetHints":{"allow":["GET"]}}],"collection":[{"href":"https:\/\/livingmultimediosde.net.ar\/INDEX\/wp-json\/wp\/v2\/posts"}],"about":[{"href":"https:\/\/livingmultimediosde.net.ar\/INDEX\/wp-json\/wp\/v2\/types\/post"}],"author":[{"embeddable":true,"href":"https:\/\/livingmultimediosde.net.ar\/INDEX\/wp-json\/wp\/v2\/users\/1"}],"replies":[{"embeddable":true,"href":"https:\/\/livingmultimediosde.net.ar\/INDEX\/wp-json\/wp\/v2\/comments?post=13596"}],"version-history":[{"count":1,"href":"https:\/\/livingmultimediosde.net.ar\/INDEX\/wp-json\/wp\/v2\/posts\/13596\/revisions"}],"predecessor-version":[{"id":13598,"href":"https:\/\/livingmultimediosde.net.ar\/INDEX\/wp-json\/wp\/v2\/posts\/13596\/revisions\/13598"}],"wp:attachment":[{"href":"https:\/\/livingmultimediosde.net.ar\/INDEX\/wp-json\/wp\/v2\/media?parent=13596"}],"wp:term":[{"taxonomy":"category","embeddable":true,"href":"https:\/\/livingmultimediosde.net.ar\/INDEX\/wp-json\/wp\/v2\/categories?post=13596"},{"taxonomy":"post_tag","embeddable":true,"href":"https:\/\/livingmultimediosde.net.ar\/INDEX\/wp-json\/wp\/v2\/tags?post=13596"}],"curies":[{"name":"wp","href":"https:\/\/api.w.org\/{rel}","templated":true}]}}