{"id":13593,"date":"2025-04-08T05:14:36","date_gmt":"2025-04-08T05:14:36","guid":{"rendered":"https:\/\/livingmultimediosde.net.ar\/INDEX\/?p=13593"},"modified":"2025-04-08T05:14:38","modified_gmt":"2025-04-08T05:14:38","slug":"zamora-inauguro-una-escuela-un-jardin-de-infantes-un-barrio-un-polideportivo-y-entrego-viviendas-sociales-en-los-telares","status":"publish","type":"post","link":"https:\/\/livingmultimediosde.net.ar\/INDEX\/2025\/04\/zamora-inauguro-una-escuela-un-jardin-de-infantes-un-barrio-un-polideportivo-y-entrego-viviendas-sociales-en-los-telares\/","title":{"rendered":"Zamora inaugur\u00f3 una escuela, un jard\u00edn de infantes, un barrio, un polideportivo, y entreg\u00f3 viviendas sociales en Los Telares"},"content":{"rendered":"\n<p class=\"wp-block-paragraph\">Los Telares, cabecera del departamento Salavina, recibi\u00f3 este lunes la visita del gobernador Gerardo Zamora, quien dej\u00f3 inaugurada una serie de obras de infraestructura urbana sobre una superficie total de 48.000 metros cuadrados que cubren en total tres manzanas en la zona este de la ciudad, donde fueron habilitados los edificios de la Escuela N\u00b0 971 \u201cTeresa Fabrini\u201d y el Jard\u00edn de Infantes N\u00ba 127 totalmente equipados; un barrio de 20 viviendas, un polideportivo y una plaza con infraestructura de red vial, agua y energ\u00eda el\u00e9ctrica y alumbrado p\u00fablico.<\/p>\n\n\n\n<p class=\"wp-block-paragraph\">Tambi\u00e9n en esta oportunidad hizo entrega de viviendas a familias de la zona y dej\u00f3 habilitado en el Hospital Zonal un consultorio de salud integral para j\u00f3venes y adolescentes.<\/p>\n\n\n\n<p class=\"wp-block-paragraph\">El mandatario estuvo acompa\u00f1ado por el vicegobernador Carlos Silva Neder; el jefe de Gabinete, El\u00edas Su\u00e1rez; los ministros de Educaci\u00f3n, Mariela Nassif; de Salud, Natividad Nassif; de Obras P\u00fablicas, Aldo Hid, y de Desarrollo Social, \u00c1ngel Niccolai; de Producci\u00f3n, Miguel Mandrille, entre otros funcionarios.<\/p>\n\n\n\n<p class=\"wp-block-paragraph\">Fueron recibidos por la intendente Nora Rold\u00e1n, quien acompa\u00f1\u00f3 a la comitiva provincial a lo largo del recorrido de inauguraciones, que comenz\u00f3 por el barrio ejecutado a trav\u00e9s del Ipvu, conformado por unidades habitacionales con dos dormitorios, sala de estar-comedor, cocina, ba\u00f1o, lavadero y p\u00e9rgola para cochera con asador. Cada casa cuenta con servicios de cloacas, agua y energ\u00eda el\u00e9ctrica.<\/p>\n\n\n\n<p class=\"wp-block-paragraph\">El corte de cintas se hizo en la casa de la familia Esp\u00edndola, junto con el secretario de Obras P\u00fablicas, Jorge Zua\u00edn; la secretaria de Relaciones Internacionales del Ipvu, Sara Ayuch.<\/p>\n\n\n\n<p class=\"wp-block-paragraph\">Luego, el gobernador se dirigi\u00f3 al domicilio de Emil Quiroga, donde se hizo la entrega simb\u00f3lica de llaves a las familias beneficiadas por el programa Viviendas Sociales, las que fueron ejecutadas a trav\u00e9s del Ministerio de Desarrollo Social con la colaboraci\u00f3n de la comuna local.<\/p>\n\n\n\n<p class=\"wp-block-paragraph\">Posteriormente se hicieron los cortes de cintas en el jard\u00edn de infantes y en la escuela, junto a las directoras, Celia Ricarte de la instituci\u00f3n del Nivel Inicial, y Marcela Iturre, de la primaria.<\/p>\n\n\n\n<p class=\"wp-block-paragraph\">Las nuevas instalaciones de la primaria albergan a 460 alumnos en dos turnos y tiene una superficie de 3.421 metros distribuidos en dos plantas. En la planta baja se encuentran el hall de acceso, 7 aulas, \u00e1rea de gobierno, un patio semicubierto, una sala multimedia, dep\u00f3sito, un sal\u00f3n de usos m\u00faltiples y sanitarios. En la planta alta hay 11 aulas, un taller de ciencias y t\u00e9cnicas y sanitarios.<\/p>\n\n\n\n<p class=\"wp-block-paragraph\">En tanto, el jard\u00edn -a donde asisten 142 ni\u00f1os en dos turnos- tiene una superficie de 579 metros cuadrados, donde se encuentran distribuidas 3 salas con sanitarios individuales, \u00e1rea de gobierno, un sum con cocina y sanitarios, galer\u00edas y un patio semicubierto.<\/p>\n\n\n\n<p class=\"wp-block-paragraph\">El recorrido finaliz\u00f3 en el nuevo polideportivo de la ciudad. El corte de cintas se hizo acompa\u00f1ado por el secretario de Deportes, Carlos Dapello, y chicos de la Escuela de F\u00fatbol \u201cLos Pichones\u201d .<\/p>\n\n\n\n<p class=\"wp-block-paragraph\">El edificio posee una superficie aproximada de 1.400 metros curados. Cuenta con una cancha al aire libre y otra en un microestadio cubierto con tribunas. Adem\u00e1s tiene \u00e1reas complementarias, como una cantina con cocina, dep\u00f3sito y vestuarios para ambos sexos.<\/p>\n\n\n\n<p class=\"wp-block-paragraph\">El complejo incluye un espacio verde equipado con mobiliario urbano, iluminaci\u00f3n, un sector con gradas, y un escenario para actividades recreativas al aire libre, adem\u00e1s de un sistema de riego por aspersi\u00f3n. Tambi\u00e9n se ampliaron las redes de cloacas, agua y electricidad, y se pavimentaron calles.<\/p>\n\n\n\n<p class=\"wp-block-paragraph\">En este marco, el gobernador hizo entrega a la intendente Rold\u00e1n de las llaves de un cami\u00f3n compactador para reforzar el servicio de higiene del municipio.<\/p>\n","protected":false},"excerpt":{"rendered":"<p>Los Telares, cabecera del departamento Salavina, recibi\u00f3 este lunes la visita del gobernador Gerardo Zamora, quien dej\u00f3 inaugurada una serie de obras de infraestructura urbana sobre una superficie total de 48.000 metros cuadrados que cubren en total tres manzanas en la zona este de la ciudad, donde fueron habilitados los edificios de la Escuela N\u00b0 971 \u201cTeresa Fabrini\u201d y el Jard\u00edn de Infantes N\u00ba 127 totalmente equipados; un barrio de 20 viviendas, un polideportivo y una plaza con infraestructura de red vial, agua y energ\u00eda el\u00e9ctrica y alumbrado p\u00fablico. Tambi\u00e9n&hellip;<\/p>\n","protected":false},"author":1,"featured_media":0,"comment_status":"closed","ping_status":"closed","sticky":false,"template":"","format":"standard","meta":{"footnotes":""},"categories":[9],"tags":[],"class_list":["post-13593","post","type-post","status-publish","format-standard","hentry","category-noticias"],"rttpg_featured_image_url":null,"rttpg_author":{"display_name":"rober","author_link":"https:\/\/livingmultimediosde.net.ar\/INDEX\/author\/rober\/"},"rttpg_comment":0,"rttpg_category":"<a href=\"https:\/\/livingmultimediosde.net.ar\/INDEX\/category\/noticias\/\" rel=\"category tag\">NOTICIAS<\/a>","rttpg_excerpt":"Los Telares, cabecera del departamento Salavina, recibi\u00f3 este lunes la visita del gobernador Gerardo Zamora, quien dej\u00f3 inaugurada una serie de obras de infraestructura urbana sobre una superficie total de 48.000 metros cuadrados que cubren en total tres manzanas en la zona este de la ciudad, donde fueron habilitados los edificios de la Escuela N\u00b0&hellip;","_links":{"self":[{"href":"https:\/\/livingmultimediosde.net.ar\/INDEX\/wp-json\/wp\/v2\/posts\/13593","targetHints":{"allow":["GET"]}}],"collection":[{"href":"https:\/\/livingmultimediosde.net.ar\/INDEX\/wp-json\/wp\/v2\/posts"}],"about":[{"href":"https:\/\/livingmultimediosde.net.ar\/INDEX\/wp-json\/wp\/v2\/types\/post"}],"author":[{"embeddable":true,"href":"https:\/\/livingmultimediosde.net.ar\/INDEX\/wp-json\/wp\/v2\/users\/1"}],"replies":[{"embeddable":true,"href":"https:\/\/livingmultimediosde.net.ar\/INDEX\/wp-json\/wp\/v2\/comments?post=13593"}],"version-history":[{"count":1,"href":"https:\/\/livingmultimediosde.net.ar\/INDEX\/wp-json\/wp\/v2\/posts\/13593\/revisions"}],"predecessor-version":[{"id":13595,"href":"https:\/\/livingmultimediosde.net.ar\/INDEX\/wp-json\/wp\/v2\/posts\/13593\/revisions\/13595"}],"wp:attachment":[{"href":"https:\/\/livingmultimediosde.net.ar\/INDEX\/wp-json\/wp\/v2\/media?parent=13593"}],"wp:term":[{"taxonomy":"category","embeddable":true,"href":"https:\/\/livingmultimediosde.net.ar\/INDEX\/wp-json\/wp\/v2\/categories?post=13593"},{"taxonomy":"post_tag","embeddable":true,"href":"https:\/\/livingmultimediosde.net.ar\/INDEX\/wp-json\/wp\/v2\/tags?post=13593"}],"curies":[{"name":"wp","href":"https:\/\/api.w.org\/{rel}","templated":true}]}}