{"id":13584,"date":"2025-04-04T14:44:23","date_gmt":"2025-04-04T14:44:23","guid":{"rendered":"https:\/\/livingmultimediosde.net.ar\/INDEX\/?p=13584"},"modified":"2025-04-04T14:44:27","modified_gmt":"2025-04-04T14:44:27","slug":"el-senado-debatira-ficha-limpia-y-la-emergencia-en-bahia-blanca-y-coronel-rosales-el-proximo-9-de-abril","status":"publish","type":"post","link":"https:\/\/livingmultimediosde.net.ar\/INDEX\/2025\/04\/el-senado-debatira-ficha-limpia-y-la-emergencia-en-bahia-blanca-y-coronel-rosales-el-proximo-9-de-abril\/","title":{"rendered":"El Senado debatir\u00e1 Ficha Limpia y la emergencia en Bah\u00eda Blanca y Coronel Rosales el pr\u00f3ximo 9 de abril"},"content":{"rendered":"\n<p class=\"wp-block-paragraph\">El presidente provisional del Senado de la Naci\u00f3n convoc\u00f3 a una Sesi\u00f3n P\u00fablica Especial para el mi\u00e9rcoles 9 de abril a las 11:00 horas, con el objetivo de tratar dos proyectos clave: el dictamen de ley sobre la denominada Ficha Limpia y la declaraci\u00f3n de zona de emergencia y cat\u00e1strofe para municipios bonaerenses afectados por el temporal, como Bah\u00eda Blanca y Coronel Rosales.<\/p>\n\n\n\n<p class=\"wp-block-paragraph\">La citaci\u00f3n fue cursada tras el pedido formal de diversos senadores, registrado bajo el Expediente S-246\/25, en cumplimiento de los art\u00edculos 19 y 20 del Reglamento del Senado.<\/p>\n\n\n\n<p class=\"wp-block-paragraph\">Entre los temas incluidos en el Orden del D\u00eda N\u00b0 5\/25, figura el proyecto impulsado por Juliana Di Tullio y otros legisladores que propone declarar en emergencia a Buenos Aires y sus municipios m\u00e1s afectados, en respuesta a los da\u00f1os ocasionados por cat\u00e1strofes clim\u00e1ticas recientes.<\/p>\n\n\n\n<p class=\"wp-block-paragraph\">Tambi\u00e9n ser\u00e1 debatido el dictamen sobre el proyecto de ley de Ficha Limpia (CD-38\/24), venido en revisi\u00f3n desde la C\u00e1mara de Diputados. Esta norma busca prohibir que personas con condenas por delitos dolosos accedan a cargos electivos.<\/p>\n\n\n\n<p class=\"wp-block-paragraph\">La resoluci\u00f3n fue formalizada por el Presidente Provisional del Senado y establece que se informar\u00e1 al cuerpo legislativo en el transcurso de los d\u00edas previos.<\/p>\n","protected":false},"excerpt":{"rendered":"<p>El presidente provisional del Senado de la Naci\u00f3n convoc\u00f3 a una Sesi\u00f3n P\u00fablica Especial para el mi\u00e9rcoles 9 de abril a las 11:00 horas, con el objetivo de tratar dos proyectos clave: el dictamen de ley sobre la denominada Ficha Limpia y la declaraci\u00f3n de zona de emergencia y cat\u00e1strofe para municipios bonaerenses afectados por el temporal, como Bah\u00eda Blanca y Coronel Rosales. La citaci\u00f3n fue cursada tras el pedido formal de diversos senadores, registrado bajo el Expediente S-246\/25, en cumplimiento de los art\u00edculos 19 y 20 del Reglamento del&hellip;<\/p>\n","protected":false},"author":1,"featured_media":0,"comment_status":"closed","ping_status":"closed","sticky":false,"template":"","format":"standard","meta":{"footnotes":""},"categories":[4],"tags":[],"class_list":["post-13584","post","type-post","status-publish","format-standard","hentry","category-interes-general"],"rttpg_featured_image_url":null,"rttpg_author":{"display_name":"rober","author_link":"https:\/\/livingmultimediosde.net.ar\/INDEX\/author\/rober\/"},"rttpg_comment":0,"rttpg_category":"<a href=\"https:\/\/livingmultimediosde.net.ar\/INDEX\/category\/interes-general\/\" rel=\"category tag\">INTERES GENERAL<\/a>","rttpg_excerpt":"El presidente provisional del Senado de la Naci\u00f3n convoc\u00f3 a una Sesi\u00f3n P\u00fablica Especial para el mi\u00e9rcoles 9 de abril a las 11:00 horas, con el objetivo de tratar dos proyectos clave: el dictamen de ley sobre la denominada Ficha Limpia y la declaraci\u00f3n de zona de emergencia y cat\u00e1strofe para municipios bonaerenses afectados por&hellip;","_links":{"self":[{"href":"https:\/\/livingmultimediosde.net.ar\/INDEX\/wp-json\/wp\/v2\/posts\/13584","targetHints":{"allow":["GET"]}}],"collection":[{"href":"https:\/\/livingmultimediosde.net.ar\/INDEX\/wp-json\/wp\/v2\/posts"}],"about":[{"href":"https:\/\/livingmultimediosde.net.ar\/INDEX\/wp-json\/wp\/v2\/types\/post"}],"author":[{"embeddable":true,"href":"https:\/\/livingmultimediosde.net.ar\/INDEX\/wp-json\/wp\/v2\/users\/1"}],"replies":[{"embeddable":true,"href":"https:\/\/livingmultimediosde.net.ar\/INDEX\/wp-json\/wp\/v2\/comments?post=13584"}],"version-history":[{"count":1,"href":"https:\/\/livingmultimediosde.net.ar\/INDEX\/wp-json\/wp\/v2\/posts\/13584\/revisions"}],"predecessor-version":[{"id":13586,"href":"https:\/\/livingmultimediosde.net.ar\/INDEX\/wp-json\/wp\/v2\/posts\/13584\/revisions\/13586"}],"wp:attachment":[{"href":"https:\/\/livingmultimediosde.net.ar\/INDEX\/wp-json\/wp\/v2\/media?parent=13584"}],"wp:term":[{"taxonomy":"category","embeddable":true,"href":"https:\/\/livingmultimediosde.net.ar\/INDEX\/wp-json\/wp\/v2\/categories?post=13584"},{"taxonomy":"post_tag","embeddable":true,"href":"https:\/\/livingmultimediosde.net.ar\/INDEX\/wp-json\/wp\/v2\/tags?post=13584"}],"curies":[{"name":"wp","href":"https:\/\/api.w.org\/{rel}","templated":true}]}}