{"id":13581,"date":"2025-04-04T14:42:31","date_gmt":"2025-04-04T14:42:31","guid":{"rendered":"https:\/\/livingmultimediosde.net.ar\/INDEX\/?p=13581"},"modified":"2025-04-04T14:42:35","modified_gmt":"2025-04-04T14:42:35","slug":"panaderos-anunciaron-una-suba-del-12-en-el-pan","status":"publish","type":"post","link":"https:\/\/livingmultimediosde.net.ar\/INDEX\/2025\/04\/panaderos-anunciaron-una-suba-del-12-en-el-pan\/","title":{"rendered":"Panaderos anunciaron una suba del 12% en el pan"},"content":{"rendered":"\n<p class=\"wp-block-paragraph\">El precio del pan subir\u00e1 un 12% en los principales centros urbanos de la provincia de Buenos Aires a ra\u00edz de la suba de costos que se produjeron en insumos, tarifas y combustibles.<\/p>\n\n\n\n<p class=\"wp-block-paragraph\">\u201cTuvimos que tomar la decisi\u00f3n debido a los constantes aumentos que venimos sufriendo en las materias primas, los insumos, combustibles y las tarifas de los servicios p\u00fablicos\u201d, explic\u00f3 Mart\u00edn Pinto, presidente del Centro de Industriales Panaderos de Merlo<\/p>\n\n\n\n<p class=\"wp-block-paragraph\">Pinto, que adem\u00e1s integra la C\u00e1mara de Industriales Panaderos (CIPAN) alert\u00f3 sobre la posibilidad de m\u00e1s aumentos en caso que se mantenga esta situaci\u00f3n.<\/p>\n\n\n\n<p class=\"wp-block-paragraph\">\u201cLamentablemente no podemos asegurar que no vaya a haber nuevos incrementos en el corto plazo, ya que los precios no dejan de subir. Dicen que la inflaci\u00f3n baj\u00f3, pero nuestros costos siguen aumentando d\u00eda a d\u00eda\u201d, sostuvo el industrial.<\/p>\n\n\n\n<p class=\"wp-block-paragraph\">Tal como estiman desde la CIPAN, el precio del kilo de pan en la Ciudad de Buenos Aires supera los 4 mil pesos, mientras que en el Conurbano rondar\u00e1 entre los 2.500 y los 3.300, debido que las ventas cayeron significativamente en los \u00faltimos meses.<\/p>\n\n\n\n<p class=\"wp-block-paragraph\">\u201cHace un a\u00f1o que no aument\u00e1bamos nuestros productos, pero la verdad es que ya era insostenible, queremos tratar de evitar cierres de panader\u00edas y p\u00e9rdida de fuentes de trabajo\u201d, concluy\u00f3 el dirigente panadero bonaerense.<\/p>\n","protected":false},"excerpt":{"rendered":"<p>El precio del pan subir\u00e1 un 12% en los principales centros urbanos de la provincia de Buenos Aires a ra\u00edz de la suba de costos que se produjeron en insumos, tarifas y combustibles. \u201cTuvimos que tomar la decisi\u00f3n debido a los constantes aumentos que venimos sufriendo en las materias primas, los insumos, combustibles y las tarifas de los servicios p\u00fablicos\u201d, explic\u00f3 Mart\u00edn Pinto, presidente del Centro de Industriales Panaderos de Merlo Pinto, que adem\u00e1s integra la C\u00e1mara de Industriales Panaderos (CIPAN) alert\u00f3 sobre la posibilidad de m\u00e1s aumentos en caso&hellip;<\/p>\n","protected":false},"author":1,"featured_media":0,"comment_status":"closed","ping_status":"closed","sticky":false,"template":"","format":"standard","meta":{"footnotes":""},"categories":[4],"tags":[],"class_list":["post-13581","post","type-post","status-publish","format-standard","hentry","category-interes-general"],"rttpg_featured_image_url":null,"rttpg_author":{"display_name":"rober","author_link":"https:\/\/livingmultimediosde.net.ar\/INDEX\/author\/rober\/"},"rttpg_comment":0,"rttpg_category":"<a href=\"https:\/\/livingmultimediosde.net.ar\/INDEX\/category\/interes-general\/\" rel=\"category tag\">INTERES GENERAL<\/a>","rttpg_excerpt":"El precio del pan subir\u00e1 un 12% en los principales centros urbanos de la provincia de Buenos Aires a ra\u00edz de la suba de costos que se produjeron en insumos, tarifas y combustibles. \u201cTuvimos que tomar la decisi\u00f3n debido a los constantes aumentos que venimos sufriendo en las materias primas, los insumos, combustibles y las&hellip;","_links":{"self":[{"href":"https:\/\/livingmultimediosde.net.ar\/INDEX\/wp-json\/wp\/v2\/posts\/13581","targetHints":{"allow":["GET"]}}],"collection":[{"href":"https:\/\/livingmultimediosde.net.ar\/INDEX\/wp-json\/wp\/v2\/posts"}],"about":[{"href":"https:\/\/livingmultimediosde.net.ar\/INDEX\/wp-json\/wp\/v2\/types\/post"}],"author":[{"embeddable":true,"href":"https:\/\/livingmultimediosde.net.ar\/INDEX\/wp-json\/wp\/v2\/users\/1"}],"replies":[{"embeddable":true,"href":"https:\/\/livingmultimediosde.net.ar\/INDEX\/wp-json\/wp\/v2\/comments?post=13581"}],"version-history":[{"count":1,"href":"https:\/\/livingmultimediosde.net.ar\/INDEX\/wp-json\/wp\/v2\/posts\/13581\/revisions"}],"predecessor-version":[{"id":13583,"href":"https:\/\/livingmultimediosde.net.ar\/INDEX\/wp-json\/wp\/v2\/posts\/13581\/revisions\/13583"}],"wp:attachment":[{"href":"https:\/\/livingmultimediosde.net.ar\/INDEX\/wp-json\/wp\/v2\/media?parent=13581"}],"wp:term":[{"taxonomy":"category","embeddable":true,"href":"https:\/\/livingmultimediosde.net.ar\/INDEX\/wp-json\/wp\/v2\/categories?post=13581"},{"taxonomy":"post_tag","embeddable":true,"href":"https:\/\/livingmultimediosde.net.ar\/INDEX\/wp-json\/wp\/v2\/tags?post=13581"}],"curies":[{"name":"wp","href":"https:\/\/api.w.org\/{rel}","templated":true}]}}