{"id":13569,"date":"2025-04-04T06:03:22","date_gmt":"2025-04-04T06:03:22","guid":{"rendered":"https:\/\/livingmultimediosde.net.ar\/INDEX\/?p=13569"},"modified":"2025-04-04T06:03:24","modified_gmt":"2025-04-04T06:03:24","slug":"la-intendente-fuentes-destaco-el-trabajo-inclusivo-y-de-concientizacion-sobre-el-autismo","status":"publish","type":"post","link":"https:\/\/livingmultimediosde.net.ar\/INDEX\/2025\/04\/la-intendente-fuentes-destaco-el-trabajo-inclusivo-y-de-concientizacion-sobre-el-autismo\/","title":{"rendered":"LA INTENDENTE FUENTES DESTAC\u00d3 EL TRABAJO INCLUSIVO Y DE CONCIENTIZACI\u00d3N SOBRE EL AUTISMO"},"content":{"rendered":"\n<p class=\"wp-block-paragraph\"><\/p>\n\n\n\n<p class=\"wp-block-paragraph\">La intendente de la Capital, Ing. Norma Fuentes, particip\u00f3 de una jornada de concientizaci\u00f3n para conmemorar el D\u00eda Mundial del Autismo, realizada en el Jard\u00edn de Infantes N\u00b0 12 \u00abArco Iris\u00bb ubicado en el barrio Belgrano.<\/p>\n\n\n\n<p class=\"wp-block-paragraph\">All\u00ed, se pintaron pictogramas en el frente del establecimiento educativo, destinados a facilitar el desplazamiento con mayor seguridad por la v\u00eda p\u00fablica de los ni\u00f1os con trastorno del espectro autista (TEA).<\/p>\n\n\n\n<p class=\"wp-block-paragraph\">Adem\u00e1s, en la plaza Belgrano, los alumnos participaron de actividades recreativas e inclusivas como clases de pintura, caminatas y conciertos did\u00e1cticos; con el acompa\u00f1amiento de las familias, de instituciones educativas y de numerosas asociaciones civiles.<\/p>\n\n\n\n<p class=\"wp-block-paragraph\">En este sentido, la jefa comunal manifest\u00f3 \u00abla necesidad de trabajar todos juntos para alcanzar una sociedad m\u00e1s inclusiva, tal como se hace en todos los jardines de infantes municipales, donde se apuesta a la educaci\u00f3n de calidad\u00bb, al remarcar el compromiso que tienen los docentes.&nbsp;<\/p>\n\n\n\n<p class=\"wp-block-paragraph\">\u00abDebemos convivir en un ambiente sin diferencias ni discriminaci\u00f3n, donde se reciba a todos con los brazos abiertos y todos tengan las mismas oportunidades para crecer y cumplir sus sue\u00f1os\u00bb, expres\u00f3.<\/p>\n\n\n\n<p class=\"wp-block-paragraph\">Por su parte, el presidente de la fundaci\u00f3n VAY, Yamil Abdala, valor\u00f3 \u00abla importancia de la educaci\u00f3n p\u00fablica para brindarles a las familias el espacio que necesitan para integrar a los ni\u00f1os con TEA, animando la esperanza y sembrando el respeto por el otro\u00bb, a la vez que destac\u00f3 el trabajo de los jardines de infantes.<\/p>\n\n\n\n<p class=\"wp-block-paragraph\">En tanto, la directora del establecimiento, Yanina \u00c1vila, afirm\u00f3 que \u00abel sistema educativo municipal brinda a cada ni\u00f1o un contexto seguro para crecer y aprender, fomentando valores como la empat\u00eda y la solidaridad con el pr\u00f3jimo\u00bb.<\/p>\n","protected":false},"excerpt":{"rendered":"<p>La intendente de la Capital, Ing. Norma Fuentes, particip\u00f3 de una jornada de concientizaci\u00f3n para conmemorar el D\u00eda Mundial del Autismo, realizada en el Jard\u00edn de Infantes N\u00b0 12 \u00abArco Iris\u00bb ubicado en el barrio Belgrano. All\u00ed, se pintaron pictogramas en el frente del establecimiento educativo, destinados a facilitar el desplazamiento con mayor seguridad por la v\u00eda p\u00fablica de los ni\u00f1os con trastorno del espectro autista (TEA). Adem\u00e1s, en la plaza Belgrano, los alumnos participaron de actividades recreativas e inclusivas como clases de pintura, caminatas y conciertos did\u00e1cticos; con el&hellip;<\/p>\n","protected":false},"author":1,"featured_media":0,"comment_status":"closed","ping_status":"closed","sticky":false,"template":"","format":"standard","meta":{"footnotes":""},"categories":[9],"tags":[],"class_list":["post-13569","post","type-post","status-publish","format-standard","hentry","category-noticias"],"rttpg_featured_image_url":null,"rttpg_author":{"display_name":"rober","author_link":"https:\/\/livingmultimediosde.net.ar\/INDEX\/author\/rober\/"},"rttpg_comment":0,"rttpg_category":"<a href=\"https:\/\/livingmultimediosde.net.ar\/INDEX\/category\/noticias\/\" rel=\"category tag\">NOTICIAS<\/a>","rttpg_excerpt":"La intendente de la Capital, Ing. Norma Fuentes, particip\u00f3 de una jornada de concientizaci\u00f3n para conmemorar el D\u00eda Mundial del Autismo, realizada en el Jard\u00edn de Infantes N\u00b0 12 \u00abArco Iris\u00bb ubicado en el barrio Belgrano. All\u00ed, se pintaron pictogramas en el frente del establecimiento educativo, destinados a facilitar el desplazamiento con mayor seguridad por&hellip;","_links":{"self":[{"href":"https:\/\/livingmultimediosde.net.ar\/INDEX\/wp-json\/wp\/v2\/posts\/13569","targetHints":{"allow":["GET"]}}],"collection":[{"href":"https:\/\/livingmultimediosde.net.ar\/INDEX\/wp-json\/wp\/v2\/posts"}],"about":[{"href":"https:\/\/livingmultimediosde.net.ar\/INDEX\/wp-json\/wp\/v2\/types\/post"}],"author":[{"embeddable":true,"href":"https:\/\/livingmultimediosde.net.ar\/INDEX\/wp-json\/wp\/v2\/users\/1"}],"replies":[{"embeddable":true,"href":"https:\/\/livingmultimediosde.net.ar\/INDEX\/wp-json\/wp\/v2\/comments?post=13569"}],"version-history":[{"count":1,"href":"https:\/\/livingmultimediosde.net.ar\/INDEX\/wp-json\/wp\/v2\/posts\/13569\/revisions"}],"predecessor-version":[{"id":13571,"href":"https:\/\/livingmultimediosde.net.ar\/INDEX\/wp-json\/wp\/v2\/posts\/13569\/revisions\/13571"}],"wp:attachment":[{"href":"https:\/\/livingmultimediosde.net.ar\/INDEX\/wp-json\/wp\/v2\/media?parent=13569"}],"wp:term":[{"taxonomy":"category","embeddable":true,"href":"https:\/\/livingmultimediosde.net.ar\/INDEX\/wp-json\/wp\/v2\/categories?post=13569"},{"taxonomy":"post_tag","embeddable":true,"href":"https:\/\/livingmultimediosde.net.ar\/INDEX\/wp-json\/wp\/v2\/tags?post=13569"}],"curies":[{"name":"wp","href":"https:\/\/api.w.org\/{rel}","templated":true}]}}