{"id":13562,"date":"2025-04-03T06:34:47","date_gmt":"2025-04-03T06:34:47","guid":{"rendered":"https:\/\/livingmultimediosde.net.ar\/INDEX\/?p=13562"},"modified":"2025-04-03T06:34:50","modified_gmt":"2025-04-03T06:34:50","slug":"con-el-acompanamiento-de-cultura-de-la-capital-el-conjunto-amigos-de-la-musica-homenajeara-a-paulo-luiz-coutinho","status":"publish","type":"post","link":"https:\/\/livingmultimediosde.net.ar\/INDEX\/2025\/04\/con-el-acompanamiento-de-cultura-de-la-capital-el-conjunto-amigos-de-la-musica-homenajeara-a-paulo-luiz-coutinho\/","title":{"rendered":"CON EL ACOMPA\u00d1AMIENTO DE CULTURA DE LA CAPITAL EL CONJUNTO AMIGOS DE LA M\u00daSICA HOMENAJEAR\u00c1 A PAULO LUIZ COUTINHO"},"content":{"rendered":"\n<p class=\"wp-block-paragraph\">El s\u00e1bado 5 de abril desde las 20.30 horas en las instalaciones de la Vieja Estaci\u00f3n (Col\u00f3n y Libertad) el conjunto de m\u00fasica de c\u00e1mara Amigos de la M\u00fasica Santiago del Estero realizar\u00e1 su 1\u00b0 concierto del a\u00f1o 2025, el cual llevar\u00e1 por t\u00edtulo \u201cHomenaje a Paulo Luiz Coutinho\u201d.<br>La actividad, con entrada libre y gratuita, cuenta con el acompa\u00f1amiento de la Municipalidad de la Capital a trav\u00e9s de la Direcci\u00f3n de Cultura.<br>El reportorio seleccionado para este concierto, incluye obras de Michel Blavet, Paulo Luiz Coutinho y Franz Danzi, entre otros autores.<br>Los m\u00fasicos que formar\u00e1n parte de esta presentaci\u00f3n son: Medina Carf\u00ed y Martin Thren (Flautas traversas), Susana Rojas (Clarinete) Anal\u00eda Griffa (Fagot) Mat\u00edas Cejas (Corno), Leonardo Guti\u00e9rrez (Piano) y Cuatro de Copas Cuarteto de Guitarras formado por: Franco Luna, Jos\u00e9 Frau, Horacio Lavaisse y Ricardo Cianferoni.<\/p>\n","protected":false},"excerpt":{"rendered":"<p>El s\u00e1bado 5 de abril desde las 20.30 horas en las instalaciones de la Vieja Estaci\u00f3n (Col\u00f3n y Libertad) el conjunto de m\u00fasica de c\u00e1mara Amigos de la M\u00fasica Santiago del Estero realizar\u00e1 su 1\u00b0 concierto del a\u00f1o 2025, el cual llevar\u00e1 por t\u00edtulo \u201cHomenaje a Paulo Luiz Coutinho\u201d.La actividad, con entrada libre y gratuita, cuenta con el acompa\u00f1amiento de la Municipalidad de la Capital a trav\u00e9s de la Direcci\u00f3n de Cultura.El reportorio seleccionado para este concierto, incluye obras de Michel Blavet, Paulo Luiz Coutinho y Franz Danzi, entre otros&hellip;<\/p>\n","protected":false},"author":1,"featured_media":0,"comment_status":"closed","ping_status":"closed","sticky":false,"template":"","format":"standard","meta":{"footnotes":""},"categories":[9],"tags":[],"class_list":["post-13562","post","type-post","status-publish","format-standard","hentry","category-noticias"],"rttpg_featured_image_url":null,"rttpg_author":{"display_name":"rober","author_link":"https:\/\/livingmultimediosde.net.ar\/INDEX\/author\/rober\/"},"rttpg_comment":0,"rttpg_category":"<a href=\"https:\/\/livingmultimediosde.net.ar\/INDEX\/category\/noticias\/\" rel=\"category tag\">NOTICIAS<\/a>","rttpg_excerpt":"El s\u00e1bado 5 de abril desde las 20.30 horas en las instalaciones de la Vieja Estaci\u00f3n (Col\u00f3n y Libertad) el conjunto de m\u00fasica de c\u00e1mara Amigos de la M\u00fasica Santiago del Estero realizar\u00e1 su 1\u00b0 concierto del a\u00f1o 2025, el cual llevar\u00e1 por t\u00edtulo \u201cHomenaje a Paulo Luiz Coutinho\u201d.La actividad, con entrada libre y gratuita,&hellip;","_links":{"self":[{"href":"https:\/\/livingmultimediosde.net.ar\/INDEX\/wp-json\/wp\/v2\/posts\/13562","targetHints":{"allow":["GET"]}}],"collection":[{"href":"https:\/\/livingmultimediosde.net.ar\/INDEX\/wp-json\/wp\/v2\/posts"}],"about":[{"href":"https:\/\/livingmultimediosde.net.ar\/INDEX\/wp-json\/wp\/v2\/types\/post"}],"author":[{"embeddable":true,"href":"https:\/\/livingmultimediosde.net.ar\/INDEX\/wp-json\/wp\/v2\/users\/1"}],"replies":[{"embeddable":true,"href":"https:\/\/livingmultimediosde.net.ar\/INDEX\/wp-json\/wp\/v2\/comments?post=13562"}],"version-history":[{"count":1,"href":"https:\/\/livingmultimediosde.net.ar\/INDEX\/wp-json\/wp\/v2\/posts\/13562\/revisions"}],"predecessor-version":[{"id":13564,"href":"https:\/\/livingmultimediosde.net.ar\/INDEX\/wp-json\/wp\/v2\/posts\/13562\/revisions\/13564"}],"wp:attachment":[{"href":"https:\/\/livingmultimediosde.net.ar\/INDEX\/wp-json\/wp\/v2\/media?parent=13562"}],"wp:term":[{"taxonomy":"category","embeddable":true,"href":"https:\/\/livingmultimediosde.net.ar\/INDEX\/wp-json\/wp\/v2\/categories?post=13562"},{"taxonomy":"post_tag","embeddable":true,"href":"https:\/\/livingmultimediosde.net.ar\/INDEX\/wp-json\/wp\/v2\/tags?post=13562"}],"curies":[{"name":"wp","href":"https:\/\/api.w.org\/{rel}","templated":true}]}}