{"id":13559,"date":"2025-04-03T06:33:03","date_gmt":"2025-04-03T06:33:03","guid":{"rendered":"https:\/\/livingmultimediosde.net.ar\/INDEX\/?p=13559"},"modified":"2025-04-03T06:33:06","modified_gmt":"2025-04-03T06:33:06","slug":"autoridades-participaron-del-acto-central-por-el-dia-mundial-de-la-concienciacion-del-autismo","status":"publish","type":"post","link":"https:\/\/livingmultimediosde.net.ar\/INDEX\/2025\/04\/autoridades-participaron-del-acto-central-por-el-dia-mundial-de-la-concienciacion-del-autismo\/","title":{"rendered":"Autoridades participaron del acto central por el D\u00eda Mundial de la Concienciaci\u00f3n del Autismo"},"content":{"rendered":"\n<p class=\"wp-block-paragraph\">Conn la presencia del jefe de Gabinete de Ministros, El\u00edas Su\u00e1rez, se realiz\u00f3 este mi\u00e9rcoles por la tarde el acto central por el D\u00eda Mundial de Concienciaci\u00f3n sobre el Autismo en el Centro de Convenciones F\u00f3rum.<\/p>\n\n\n\n<p class=\"wp-block-paragraph\">Tambi\u00e9n asistieron la ministra de Justicia y Derechos Humanos, Matilde O\u2019 Mill; la secretaria de Trabajo, Julia Com\u00e1n; secretaria de Derechos Humanos, Daniela \u00c1guila, junto con la presidenta de Santiago Azul TEA, Patricia Zirpolo; otras autoridades provinciales y representantes de distintas organizaciones civiles que trabajan para lograr una mayor comprensi\u00f3n, tolerancia y respeto hacia las personas con autismo y sus familias.<\/p>\n\n\n\n<p class=\"wp-block-paragraph\">Refiri\u00e9ndose a esta fecha, la presidenta de Santiago Azul TEA hizo un pedido a toda la sociedad para redoblar esfuerzos ante el aumento de casos con diagn\u00f3stico reciente y que muchos necesitan ayuda y acompa\u00f1amiento adecuado.<\/p>\n\n\n\n<p class=\"wp-block-paragraph\">Tambi\u00e9n expres\u00f3 su agradecimiento a las autoridades provinciales y a todos los sectores comprometidos con esta noble causa. \u201cQuiero agradecerles infinitamente a todos por el respeto, por acompa\u00f1arnos e invitarlos a seguir con esta lucha, que es muy justa para todos\u201d, concluy\u00f3.<\/p>\n","protected":false},"excerpt":{"rendered":"<p>Conn la presencia del jefe de Gabinete de Ministros, El\u00edas Su\u00e1rez, se realiz\u00f3 este mi\u00e9rcoles por la tarde el acto central por el D\u00eda Mundial de Concienciaci\u00f3n sobre el Autismo en el Centro de Convenciones F\u00f3rum. Tambi\u00e9n asistieron la ministra de Justicia y Derechos Humanos, Matilde O\u2019 Mill; la secretaria de Trabajo, Julia Com\u00e1n; secretaria de Derechos Humanos, Daniela \u00c1guila, junto con la presidenta de Santiago Azul TEA, Patricia Zirpolo; otras autoridades provinciales y representantes de distintas organizaciones civiles que trabajan para lograr una mayor comprensi\u00f3n, tolerancia y respeto hacia&hellip;<\/p>\n","protected":false},"author":1,"featured_media":0,"comment_status":"closed","ping_status":"closed","sticky":false,"template":"","format":"standard","meta":{"footnotes":""},"categories":[9],"tags":[],"class_list":["post-13559","post","type-post","status-publish","format-standard","hentry","category-noticias"],"rttpg_featured_image_url":null,"rttpg_author":{"display_name":"rober","author_link":"https:\/\/livingmultimediosde.net.ar\/INDEX\/author\/rober\/"},"rttpg_comment":0,"rttpg_category":"<a href=\"https:\/\/livingmultimediosde.net.ar\/INDEX\/category\/noticias\/\" rel=\"category tag\">NOTICIAS<\/a>","rttpg_excerpt":"Conn la presencia del jefe de Gabinete de Ministros, El\u00edas Su\u00e1rez, se realiz\u00f3 este mi\u00e9rcoles por la tarde el acto central por el D\u00eda Mundial de Concienciaci\u00f3n sobre el Autismo en el Centro de Convenciones F\u00f3rum. Tambi\u00e9n asistieron la ministra de Justicia y Derechos Humanos, Matilde O\u2019 Mill; la secretaria de Trabajo, Julia Com\u00e1n; secretaria&hellip;","_links":{"self":[{"href":"https:\/\/livingmultimediosde.net.ar\/INDEX\/wp-json\/wp\/v2\/posts\/13559","targetHints":{"allow":["GET"]}}],"collection":[{"href":"https:\/\/livingmultimediosde.net.ar\/INDEX\/wp-json\/wp\/v2\/posts"}],"about":[{"href":"https:\/\/livingmultimediosde.net.ar\/INDEX\/wp-json\/wp\/v2\/types\/post"}],"author":[{"embeddable":true,"href":"https:\/\/livingmultimediosde.net.ar\/INDEX\/wp-json\/wp\/v2\/users\/1"}],"replies":[{"embeddable":true,"href":"https:\/\/livingmultimediosde.net.ar\/INDEX\/wp-json\/wp\/v2\/comments?post=13559"}],"version-history":[{"count":1,"href":"https:\/\/livingmultimediosde.net.ar\/INDEX\/wp-json\/wp\/v2\/posts\/13559\/revisions"}],"predecessor-version":[{"id":13561,"href":"https:\/\/livingmultimediosde.net.ar\/INDEX\/wp-json\/wp\/v2\/posts\/13559\/revisions\/13561"}],"wp:attachment":[{"href":"https:\/\/livingmultimediosde.net.ar\/INDEX\/wp-json\/wp\/v2\/media?parent=13559"}],"wp:term":[{"taxonomy":"category","embeddable":true,"href":"https:\/\/livingmultimediosde.net.ar\/INDEX\/wp-json\/wp\/v2\/categories?post=13559"},{"taxonomy":"post_tag","embeddable":true,"href":"https:\/\/livingmultimediosde.net.ar\/INDEX\/wp-json\/wp\/v2\/tags?post=13559"}],"curies":[{"name":"wp","href":"https:\/\/api.w.org\/{rel}","templated":true}]}}