{"id":13553,"date":"2025-04-02T00:13:36","date_gmt":"2025-04-02T00:13:36","guid":{"rendered":"https:\/\/livingmultimediosde.net.ar\/INDEX\/?p=13553"},"modified":"2025-04-02T00:13:40","modified_gmt":"2025-04-02T00:13:40","slug":"hcd-presto-juramento-la-concejal-marta-arenas-fc","status":"publish","type":"post","link":"https:\/\/livingmultimediosde.net.ar\/INDEX\/2025\/04\/hcd-presto-juramento-la-concejal-marta-arenas-fc\/","title":{"rendered":"HCD: Prest\u00f3 juramento la concejal Marta Arenas (FC)"},"content":{"rendered":"\n<p class=\"wp-block-paragraph\">01.04.25 Ocupa el cargo que dejara vacante la ex concejal, Marisa P\u00e9rez Nazar. Se llev\u00f3 a cabo la 5ta sesi\u00f3n ordinaria de H. Concejo Deliberante de la Capital presidida por su titular, Humberto Eduardo Santill\u00e1n, con la presenciade 10 ediles. En la oportunidad, se destac\u00f3 el acto de asunci\u00f3n, como concejal titular, de Marta Sara del Valle Arenas, que ocupar\u00e1 el cargo de la renunciante ex concejal, Marisa P\u00e9rez Nazar.<\/p>\n\n\n\n<p class=\"wp-block-paragraph\">En la apertura de las deliberaciones, luego del acto protocolar de izamiento de las banderas, se inici\u00f3 la sesi\u00f3n con la lectura del Acta 1\/2025 de la Junta Electoral Municipal, por la que, constituida la misma, informan que cursada nota de aviso a los apoderados del Frente C\u00edvico \u2013 comunicando la renuncia de la concejala, Marisa P\u00e9rez Nazar-, remitieron contestaci\u00f3n con fecha 26 de marzo \u00faltimo. All\u00ed, informan que, la ciudadana Marta Sara del Valle Arenas, result\u00f3 electa como concejal municipal suplente en la contienda electoral llevada a cabo el 7 de agosto de 2022. Rubrican la misma, el presidente Humberto Santill\u00e1n, el Fiscal Municipal, Dr. Mart\u00edn A. Ramos, la concejala, Lic. Mar\u00eda Cecilia Neme y el secretario electoral, Dr. Santiago Cisneros Saavedra.<\/p>\n\n\n\n<p class=\"wp-block-paragraph\">Acto seguido, ratificando lo dicho, se dio lectura al Acta 10\/2022 de Proclamaci\u00f3n de los Concejales Capitalinos, puntualizando la elecci\u00f3n como concejal suplente de Arenas.<\/p>\n\n\n\n<p class=\"wp-block-paragraph\">A instancias de presidencia, para considerar los t\u00edtulos presentados, se constituy\u00f3 la Comisi\u00f3n de Poderes, a moci\u00f3n de los concejales oficialistas integrada por: Cra Marianella Lezama Hid; Carlos Rodolfo Basualdo; Mario Alberto Nazer; Dra. Gabriela Ortiz y Aida Luz Soria.<\/p>\n\n\n\n<p class=\"wp-block-paragraph\">Presidencia, dispuso un cuarto intermedio para las deliberaciones de la Comisi\u00f3n de Poderes.<\/p>\n\n\n\n<p class=\"wp-block-paragraph\">Luego de reanudarse el plenario, se dio lectura al pronunciamiento de la Comisi\u00f3n de Poderes que, por Resoluci\u00f3n, aprob\u00f3 \u201cel t\u00edtulo de Concejal Municipal de la ciudadana Marta Sara del Valle Arenas, y habilitarla para asumir como tal a partir del d\u00eda de la fecha\u201d<\/p>\n\n\n\n<p class=\"wp-block-paragraph\">Presidencia, someti\u00f3 a votaci\u00f3n la aludida Resoluci\u00f3n que se sancion\u00f3 por unanimidad.<\/p>\n\n\n\n<p class=\"wp-block-paragraph\">Acto seguido, invitada por presidencia, la nominada concejal suplente, prest\u00f3 juramento de estilo, ante el cuerpo de ediles y una numerosa barra que acompa\u00f1\u00f3 entusiasta el juramento de la flamante edil capitalina.<\/p>\n\n\n\n<p class=\"wp-block-paragraph\">Se dispuso de un cuarto intermedio para que Arenas reciba las felicitaciones de ediles, familiares, amigos y dirigentes presentes.<\/p>\n\n\n\n<p class=\"wp-block-paragraph\">Sesi\u00f3n Ordinaria<\/p>\n\n\n\n<p class=\"wp-block-paragraph\">En el reinicio del plenario, levantado el cuarto intermedio, la concejal Arenas \u201chabiendo acontecido este momento muy grato, en la vida de nosotros los ciudadanos de la capital, agradezco la salutaci\u00f3n de bienvenida y felicitaciones de los pares ediles. Como ciudadana de la capital, me comprometo a trabajar por el bienestar de la comunidad. No puedo dejar de agradecer a quienes me han brindado su confianza la Intendente, Ing. Norma Fuentes y en especial el Gobernador, Dr. Gerardo Zamora\u201d.<\/p>\n\n\n\n<p class=\"wp-block-paragraph\">En el inicio de las deliberaciones se dio ingreso varias iniciativas algunas de las cuales fueron reservadas, tratadas sobre tablas y sancionadas.<\/p>\n\n\n\n<p class=\"wp-block-paragraph\">A instancias del Frente C\u00edvico se sancion\u00f3 la Ordenanza por la que \u201cse declara de Inter\u00e9s Municipal, Cultural y Social todos los eventos de car\u00e1cter oficial a llevarse a cabo en la ciudad de Santiago del Estero, el d\u00eda 02 de abril del a\u00f1o en curso en conmemoraci\u00f3n del D\u00eda Nacional del Veterano y de los Ca\u00eddos en la Guerra de Malvinas\u201d.<\/p>\n\n\n\n<p class=\"wp-block-paragraph\">El bloque oficialista, evoca en este 02 de abril, D\u00eda Nacional del Veterano y de los Ca\u00eddos en la Guerra de Malvinas, a aquellos que defendieron con valent\u00eda la soberan\u00eda argentina en las Islas del Atl\u00e1ntico Sur.<\/p>\n\n\n\n<p class=\"wp-block-paragraph\">Es una fecha significativa en la historia de Argentina ya que se conmemora el inicio de la Guerra de las Malvinas, un conflicto armado que tuvo lugar en 1982 entre Argentina y el Reino Unido por la posesi\u00f3n de las Islas Malvinas, Georgias del Sur y S\u00e1ndwich del Sur.<\/p>\n\n\n\n<p class=\"wp-block-paragraph\">A 43 a\u00f1os de la guerra, hablar de las Islas Malvinas significa hablar de nuestra Memoria, de nuestra Soberan\u00eda: pilares fundadores para formar ciudadanos comprometidos con la vigencia de los Derechos Humanos.<\/p>\n\n\n\n<p class=\"wp-block-paragraph\">En virtud por el cual, toda la Rep\u00fablica Argentina, la ciudadan\u00eda y los estamentos del estado nacional, provincial y municipal organizan distintos e innumerables eventos para conmemorar este d\u00eda, tan caro a los sentimientos argentinos.<\/p>\n\n\n\n<p class=\"wp-block-paragraph\">Orden del D\u00eda<\/p>\n\n\n\n<p class=\"wp-block-paragraph\">Se sancion\u00f3 la Ordenanza por la que \u201cse declara de Inter\u00e9s Municipal y Cultural, la edici\u00f3n 2025 de \u201cLa Revoluci\u00f3n de la Danza y el Baile Popular\u201d, a realizarse el 02 de mayo del corriente a\u00f1o, en nuestra ciudad y de acuerdo a las disposiciones de la Ordenanza N\u00b0 4.803\/2013. Se har\u00e1 entrega de copia fiel de la Ordenanza al organizador del evento mencionado, al Profesor Fortunato Manuel Oron\u00e1.<\/p>\n\n\n\n<p class=\"wp-block-paragraph\">Resoluciones<\/p>\n\n\n\n<p class=\"wp-block-paragraph\">Se sancionaron Resoluciones por las que se solicita al Departamento Ejecutivo Municipal que, a trav\u00e9s del \u00e1rea correspondiente; (Frente C\u00edvico) Proceda al estudio de la factibilidad t\u00e9cnica y presupuestaria, para la colocaci\u00f3n de un guardarra\u00edl en la acequia de Avenida Del Trabajo y Sol\u00eds Este; (Frente C\u00edvico) Proceda al estudio de la factibilidad t\u00e9cnica y presupuestaria, para realizar la reparaci\u00f3n del alumbrado p\u00fablico en calles Patrocinia D\u00edaz, Pedro Contreras y Julio Argentino Jerez, entre Santa Fe y Avenida Aguirre del barrio Tradici\u00f3n; (Frente C\u00edvico) Proceda al estudio de la factibilidad t\u00e9cnica y presupuestaria, para llevar a cabo una obra de ampliaci\u00f3n de la isleta, en la intersecci\u00f3n de las calles Almafuerte y Jujuy; (Juntos por el Cambio) Proceda al estudio de factibilidad t\u00e9cnica y presupuestaria para realizar tareas de reparaci\u00f3n y\/o reposici\u00f3n de luminarias en la Rotonda Nuestra Se\u00f1ora del Carmen, ubicada en el sector oeste de la ciudad.<\/p>\n\n\n\n<p class=\"wp-block-paragraph\">Al cierre de las deliberaciones la concejal oficialista, Aida Luz Soria, solicit\u00f3 que, por secretar\u00eda general, se emita salutaci\u00f3n en nombre del deliberativo municipal, al celebrar este martes 1, su 112 aniversario el Club Atl\u00e9tico Estudiantes, a sus autoridades, equipo y simpatizantes.<\/p>\n\n\n\n<p class=\"wp-block-paragraph\">Tambi\u00e9n hizo lo propio el concejal, Carlos Rodolfo Basualdo, para que tambi\u00e9n se emita por secretar\u00eda general una salutaci\u00f3n tambi\u00e9n, en nombre del deliberativo municipal, al Club Atl\u00e9tico Mitre, que este 2 del actual celebra un nuevo aniversario.<\/p>\n\n\n\n<p class=\"wp-block-paragraph\">Para finalizar, Basualdo euf\u00f3rico tambi\u00e9n solicit\u00f3 un saludo especial a las autoridades de la CD, equipo, y simpatizantes del Club Central C\u00f3rdoba que tendr\u00e1 una importante disputa deportiva el pr\u00f3ximo jueves, por la copa Libertadores de Am\u00e9rica. \u201cUno puede simpatizar por uno u otro color, y Santiago del Estero nuevamente va a estar en el ojo del mundo\u201d. Tambi\u00e9n, consider\u00f3 que \u201cdebe hacerse lo propio por la visi\u00f3n pol\u00edtica del gobernador, Dr. Gerardo Zamora\u201d.<\/p>\n","protected":false},"excerpt":{"rendered":"<p>01.04.25 Ocupa el cargo que dejara vacante la ex concejal, Marisa P\u00e9rez Nazar. Se llev\u00f3 a cabo la 5ta sesi\u00f3n ordinaria de H. Concejo Deliberante de la Capital presidida por su titular, Humberto Eduardo Santill\u00e1n, con la presenciade 10 ediles. En la oportunidad, se destac\u00f3 el acto de asunci\u00f3n, como concejal titular, de Marta Sara del Valle Arenas, que ocupar\u00e1 el cargo de la renunciante ex concejal, Marisa P\u00e9rez Nazar. En la apertura de las deliberaciones, luego del acto protocolar de izamiento de las banderas, se inici\u00f3 la sesi\u00f3n con&hellip;<\/p>\n","protected":false},"author":1,"featured_media":0,"comment_status":"closed","ping_status":"closed","sticky":false,"template":"","format":"standard","meta":{"footnotes":""},"categories":[3],"tags":[],"class_list":["post-13553","post","type-post","status-publish","format-standard","hentry","category-hcd-capital"],"rttpg_featured_image_url":null,"rttpg_author":{"display_name":"rober","author_link":"https:\/\/livingmultimediosde.net.ar\/INDEX\/author\/rober\/"},"rttpg_comment":0,"rttpg_category":"<a href=\"https:\/\/livingmultimediosde.net.ar\/INDEX\/category\/hcd-capital\/\" rel=\"category tag\">HCD CAPITAL<\/a>","rttpg_excerpt":"01.04.25 Ocupa el cargo que dejara vacante la ex concejal, Marisa P\u00e9rez Nazar. Se llev\u00f3 a cabo la 5ta sesi\u00f3n ordinaria de H. Concejo Deliberante de la Capital presidida por su titular, Humberto Eduardo Santill\u00e1n, con la presenciade 10 ediles. En la oportunidad, se destac\u00f3 el acto de asunci\u00f3n, como concejal titular, de Marta Sara&hellip;","_links":{"self":[{"href":"https:\/\/livingmultimediosde.net.ar\/INDEX\/wp-json\/wp\/v2\/posts\/13553","targetHints":{"allow":["GET"]}}],"collection":[{"href":"https:\/\/livingmultimediosde.net.ar\/INDEX\/wp-json\/wp\/v2\/posts"}],"about":[{"href":"https:\/\/livingmultimediosde.net.ar\/INDEX\/wp-json\/wp\/v2\/types\/post"}],"author":[{"embeddable":true,"href":"https:\/\/livingmultimediosde.net.ar\/INDEX\/wp-json\/wp\/v2\/users\/1"}],"replies":[{"embeddable":true,"href":"https:\/\/livingmultimediosde.net.ar\/INDEX\/wp-json\/wp\/v2\/comments?post=13553"}],"version-history":[{"count":1,"href":"https:\/\/livingmultimediosde.net.ar\/INDEX\/wp-json\/wp\/v2\/posts\/13553\/revisions"}],"predecessor-version":[{"id":13555,"href":"https:\/\/livingmultimediosde.net.ar\/INDEX\/wp-json\/wp\/v2\/posts\/13553\/revisions\/13555"}],"wp:attachment":[{"href":"https:\/\/livingmultimediosde.net.ar\/INDEX\/wp-json\/wp\/v2\/media?parent=13553"}],"wp:term":[{"taxonomy":"category","embeddable":true,"href":"https:\/\/livingmultimediosde.net.ar\/INDEX\/wp-json\/wp\/v2\/categories?post=13553"},{"taxonomy":"post_tag","embeddable":true,"href":"https:\/\/livingmultimediosde.net.ar\/INDEX\/wp-json\/wp\/v2\/tags?post=13553"}],"curies":[{"name":"wp","href":"https:\/\/api.w.org\/{rel}","templated":true}]}}