{"id":13551,"date":"2025-04-01T22:33:40","date_gmt":"2025-04-01T22:33:40","guid":{"rendered":"https:\/\/livingmultimediosde.net.ar\/INDEX\/?p=13551"},"modified":"2025-04-01T22:33:44","modified_gmt":"2025-04-01T22:33:44","slug":"corte-de-transito-en-av-belgrano-n-habra-desvios-por-la-construccion-de-un-electroducto","status":"publish","type":"post","link":"https:\/\/livingmultimediosde.net.ar\/INDEX\/2025\/04\/corte-de-transito-en-av-belgrano-n-habra-desvios-por-la-construccion-de-un-electroducto\/","title":{"rendered":"CORTE DE TR\u00c1NSITO EN AV. BELGRANO (N) HABR\u00c1 DESV\u00cdOS POR LA CONSTRUCCI\u00d3N DE UN ELECTRODUCTO"},"content":{"rendered":"\n<p class=\"wp-block-paragraph\">Por pedido de la empresa que lleva adelante la obra de construcci\u00f3n de un ducto hormigonado subterr\u00e1neo de alta tensi\u00f3n, habr\u00e1 desv\u00edos del tr\u00e1nsito vehicular en avenida Belgrano a la altura de la rotonda de El Linyerita, en el sector norte de la ciudad.<br>Los trabajos del electroducto en el sector comenzar\u00e1n el mi\u00e9rcoles 1 de abril y se extender\u00e1n hasta el domingo 6.<br>Por lo tanto, los automovilistas que realicen el recorrido de Sur a Norte deber\u00e1n desviar por colectora de Lugones hasta la rotonda de Yrigoyen y retomar por la colectora de Lugones hasta Belgrano.<br>Por su parte, los conductores que se dirijan de norte a sur por Belgrano deber\u00e1n desviar por calle Urrejolas, continuar por avenida Alfonso Quinzio y en la rotonda del barrio Jorge Newbery girar hacia calle Arnoldo Rivadavia hasta Lugones para vincular luego con avenida Belgrano.<br>En la zona habr\u00e1, agentes de tr\u00e1nsito para organizar el movimiento de veh\u00edculos en la zona.<\/p>\n","protected":false},"excerpt":{"rendered":"<p>Por pedido de la empresa que lleva adelante la obra de construcci\u00f3n de un ducto hormigonado subterr\u00e1neo de alta tensi\u00f3n, habr\u00e1 desv\u00edos del tr\u00e1nsito vehicular en avenida Belgrano a la altura de la rotonda de El Linyerita, en el sector norte de la ciudad.Los trabajos del electroducto en el sector comenzar\u00e1n el mi\u00e9rcoles 1 de abril y se extender\u00e1n hasta el domingo 6.Por lo tanto, los automovilistas que realicen el recorrido de Sur a Norte deber\u00e1n desviar por colectora de Lugones hasta la rotonda de Yrigoyen y retomar por la&hellip;<\/p>\n","protected":false},"author":1,"featured_media":0,"comment_status":"closed","ping_status":"closed","sticky":false,"template":"","format":"standard","meta":{"footnotes":""},"categories":[9],"tags":[],"class_list":["post-13551","post","type-post","status-publish","format-standard","hentry","category-noticias"],"rttpg_featured_image_url":null,"rttpg_author":{"display_name":"rober","author_link":"https:\/\/livingmultimediosde.net.ar\/INDEX\/author\/rober\/"},"rttpg_comment":0,"rttpg_category":"<a href=\"https:\/\/livingmultimediosde.net.ar\/INDEX\/category\/noticias\/\" rel=\"category tag\">NOTICIAS<\/a>","rttpg_excerpt":"Por pedido de la empresa que lleva adelante la obra de construcci\u00f3n de un ducto hormigonado subterr\u00e1neo de alta tensi\u00f3n, habr\u00e1 desv\u00edos del tr\u00e1nsito vehicular en avenida Belgrano a la altura de la rotonda de El Linyerita, en el sector norte de la ciudad.Los trabajos del electroducto en el sector comenzar\u00e1n el mi\u00e9rcoles 1 de&hellip;","_links":{"self":[{"href":"https:\/\/livingmultimediosde.net.ar\/INDEX\/wp-json\/wp\/v2\/posts\/13551","targetHints":{"allow":["GET"]}}],"collection":[{"href":"https:\/\/livingmultimediosde.net.ar\/INDEX\/wp-json\/wp\/v2\/posts"}],"about":[{"href":"https:\/\/livingmultimediosde.net.ar\/INDEX\/wp-json\/wp\/v2\/types\/post"}],"author":[{"embeddable":true,"href":"https:\/\/livingmultimediosde.net.ar\/INDEX\/wp-json\/wp\/v2\/users\/1"}],"replies":[{"embeddable":true,"href":"https:\/\/livingmultimediosde.net.ar\/INDEX\/wp-json\/wp\/v2\/comments?post=13551"}],"version-history":[{"count":1,"href":"https:\/\/livingmultimediosde.net.ar\/INDEX\/wp-json\/wp\/v2\/posts\/13551\/revisions"}],"predecessor-version":[{"id":13552,"href":"https:\/\/livingmultimediosde.net.ar\/INDEX\/wp-json\/wp\/v2\/posts\/13551\/revisions\/13552"}],"wp:attachment":[{"href":"https:\/\/livingmultimediosde.net.ar\/INDEX\/wp-json\/wp\/v2\/media?parent=13551"}],"wp:term":[{"taxonomy":"category","embeddable":true,"href":"https:\/\/livingmultimediosde.net.ar\/INDEX\/wp-json\/wp\/v2\/categories?post=13551"},{"taxonomy":"post_tag","embeddable":true,"href":"https:\/\/livingmultimediosde.net.ar\/INDEX\/wp-json\/wp\/v2\/tags?post=13551"}],"curies":[{"name":"wp","href":"https:\/\/api.w.org\/{rel}","templated":true}]}}