{"id":13545,"date":"2025-04-01T22:28:41","date_gmt":"2025-04-01T22:28:41","guid":{"rendered":"https:\/\/livingmultimediosde.net.ar\/INDEX\/?p=13545"},"modified":"2025-04-01T22:28:44","modified_gmt":"2025-04-01T22:28:44","slug":"servicios-urbanos-de-la-capital-informo-que-el-feriado-del-miercoles-2-de-abril-se-cumplira-con-el-servicio-de-recoleccion","status":"publish","type":"post","link":"https:\/\/livingmultimediosde.net.ar\/INDEX\/2025\/04\/servicios-urbanos-de-la-capital-informo-que-el-feriado-del-miercoles-2-de-abril-se-cumplira-con-el-servicio-de-recoleccion\/","title":{"rendered":"SERVICIOS URBANOS DE LA CAPITAL INFORM\u00d3 QUE EL FERIADO DEL MI\u00c9RCOLES 2 DE ABRIL SE CUMPLIR\u00c1 CON EL SERVICIO DE RECOLECCI\u00d3N"},"content":{"rendered":"\n<p class=\"wp-block-paragraph\">La Direcci\u00f3n de Servicios Urbanos de la Municipalidad de la Capital inform\u00f3 que la recolecci\u00f3n de residuos domiciliaria se realizar\u00e1 de manera habitual el mi\u00e9rcoles 2 de abril, feriado por el D\u00eda del Veterano y de los Ca\u00eddos en la Guerra de las Malvinas.<br>Por lo tanto, en los horarios establecidos se cumplir\u00e1 con el cronograma de trabajo para cada uno de los barrios de la ciudad, y el servicio comenzar\u00e1 por la ma\u00f1ana desde las 7 y, a la tarde, a partir de las 16 horas.<br>Asimismo, el \u00e1rea de Servicios Urbanos record\u00f3 a los vecinos que dejen adecuadamente embolsados los desechos un momento antes del paso de los camiones recolectores.<\/p>\n","protected":false},"excerpt":{"rendered":"<p>La Direcci\u00f3n de Servicios Urbanos de la Municipalidad de la Capital inform\u00f3 que la recolecci\u00f3n de residuos domiciliaria se realizar\u00e1 de manera habitual el mi\u00e9rcoles 2 de abril, feriado por el D\u00eda del Veterano y de los Ca\u00eddos en la Guerra de las Malvinas.Por lo tanto, en los horarios establecidos se cumplir\u00e1 con el cronograma de trabajo para cada uno de los barrios de la ciudad, y el servicio comenzar\u00e1 por la ma\u00f1ana desde las 7 y, a la tarde, a partir de las 16 horas.Asimismo, el \u00e1rea de Servicios&hellip;<\/p>\n","protected":false},"author":1,"featured_media":0,"comment_status":"closed","ping_status":"closed","sticky":false,"template":"","format":"standard","meta":{"footnotes":""},"categories":[9],"tags":[],"class_list":["post-13545","post","type-post","status-publish","format-standard","hentry","category-noticias"],"rttpg_featured_image_url":null,"rttpg_author":{"display_name":"rober","author_link":"https:\/\/livingmultimediosde.net.ar\/INDEX\/author\/rober\/"},"rttpg_comment":0,"rttpg_category":"<a href=\"https:\/\/livingmultimediosde.net.ar\/INDEX\/category\/noticias\/\" rel=\"category tag\">NOTICIAS<\/a>","rttpg_excerpt":"La Direcci\u00f3n de Servicios Urbanos de la Municipalidad de la Capital inform\u00f3 que la recolecci\u00f3n de residuos domiciliaria se realizar\u00e1 de manera habitual el mi\u00e9rcoles 2 de abril, feriado por el D\u00eda del Veterano y de los Ca\u00eddos en la Guerra de las Malvinas.Por lo tanto, en los horarios establecidos se cumplir\u00e1 con el cronograma&hellip;","_links":{"self":[{"href":"https:\/\/livingmultimediosde.net.ar\/INDEX\/wp-json\/wp\/v2\/posts\/13545","targetHints":{"allow":["GET"]}}],"collection":[{"href":"https:\/\/livingmultimediosde.net.ar\/INDEX\/wp-json\/wp\/v2\/posts"}],"about":[{"href":"https:\/\/livingmultimediosde.net.ar\/INDEX\/wp-json\/wp\/v2\/types\/post"}],"author":[{"embeddable":true,"href":"https:\/\/livingmultimediosde.net.ar\/INDEX\/wp-json\/wp\/v2\/users\/1"}],"replies":[{"embeddable":true,"href":"https:\/\/livingmultimediosde.net.ar\/INDEX\/wp-json\/wp\/v2\/comments?post=13545"}],"version-history":[{"count":1,"href":"https:\/\/livingmultimediosde.net.ar\/INDEX\/wp-json\/wp\/v2\/posts\/13545\/revisions"}],"predecessor-version":[{"id":13547,"href":"https:\/\/livingmultimediosde.net.ar\/INDEX\/wp-json\/wp\/v2\/posts\/13545\/revisions\/13547"}],"wp:attachment":[{"href":"https:\/\/livingmultimediosde.net.ar\/INDEX\/wp-json\/wp\/v2\/media?parent=13545"}],"wp:term":[{"taxonomy":"category","embeddable":true,"href":"https:\/\/livingmultimediosde.net.ar\/INDEX\/wp-json\/wp\/v2\/categories?post=13545"},{"taxonomy":"post_tag","embeddable":true,"href":"https:\/\/livingmultimediosde.net.ar\/INDEX\/wp-json\/wp\/v2\/tags?post=13545"}],"curies":[{"name":"wp","href":"https:\/\/api.w.org\/{rel}","templated":true}]}}