{"id":13536,"date":"2025-04-01T14:59:40","date_gmt":"2025-04-01T14:59:40","guid":{"rendered":"https:\/\/livingmultimediosde.net.ar\/INDEX\/?p=13536"},"modified":"2025-04-01T14:59:43","modified_gmt":"2025-04-01T14:59:43","slug":"la-tienda-del-parque-oeste-y-la-estacion-cultural-anunciaron-su-horario-de-atencion-al-publico","status":"publish","type":"post","link":"https:\/\/livingmultimediosde.net.ar\/INDEX\/2025\/04\/la-tienda-del-parque-oeste-y-la-estacion-cultural-anunciaron-su-horario-de-atencion-al-publico\/","title":{"rendered":"LA TIENDA DEL PARQUE OESTE Y LA ESTACI\u00d3N CULTURAL ANUNCIARON SU HORARIO DE ATENCI\u00d3N AL P\u00daBLICO"},"content":{"rendered":"\n<p class=\"wp-block-paragraph\">La Direcci\u00f3n de Desarrollo Social de la Municipalidad de la Capital informa que la Tienda del Parque Oeste y la Estaci\u00f3n Cultural modificaron su horario de atenci\u00f3n al p\u00fablico ante el cambio a las estaciones de oto\u00f1o-invierno.<br>Ambos espacios permanecer\u00e1n abiertos de lunes a viernes de 8 a 13 y de 17 a 22.<br>La Tienda del Parque Oeste, ubicada en Libertad y Col\u00f3n y la Estaci\u00f3n Cultural, en Santa Fe y Libertad, ofrecen una amplia variedad de productos elaborados por artesanos y emprendedores santiague\u00f1os, como accesorios, mates, cactus y suculentas, indumentaria, cer\u00e1mica, objetos decorativos, cuadros, productos naturales para el cuidado de la piel, sahumerios, cester\u00eda, entre otros.<\/p>\n","protected":false},"excerpt":{"rendered":"<p>La Direcci\u00f3n de Desarrollo Social de la Municipalidad de la Capital informa que la Tienda del Parque Oeste y la Estaci\u00f3n Cultural modificaron su horario de atenci\u00f3n al p\u00fablico ante el cambio a las estaciones de oto\u00f1o-invierno.Ambos espacios permanecer\u00e1n abiertos de lunes a viernes de 8 a 13 y de 17 a 22.La Tienda del Parque Oeste, ubicada en Libertad y Col\u00f3n y la Estaci\u00f3n Cultural, en Santa Fe y Libertad, ofrecen una amplia variedad de productos elaborados por artesanos y emprendedores santiague\u00f1os, como accesorios, mates, cactus y suculentas, indumentaria,&hellip;<\/p>\n","protected":false},"author":1,"featured_media":0,"comment_status":"closed","ping_status":"closed","sticky":false,"template":"","format":"standard","meta":{"footnotes":""},"categories":[9],"tags":[],"class_list":["post-13536","post","type-post","status-publish","format-standard","hentry","category-noticias"],"rttpg_featured_image_url":null,"rttpg_author":{"display_name":"rober","author_link":"https:\/\/livingmultimediosde.net.ar\/INDEX\/author\/rober\/"},"rttpg_comment":0,"rttpg_category":"<a href=\"https:\/\/livingmultimediosde.net.ar\/INDEX\/category\/noticias\/\" rel=\"category tag\">NOTICIAS<\/a>","rttpg_excerpt":"La Direcci\u00f3n de Desarrollo Social de la Municipalidad de la Capital informa que la Tienda del Parque Oeste y la Estaci\u00f3n Cultural modificaron su horario de atenci\u00f3n al p\u00fablico ante el cambio a las estaciones de oto\u00f1o-invierno.Ambos espacios permanecer\u00e1n abiertos de lunes a viernes de 8 a 13 y de 17 a 22.La Tienda del&hellip;","_links":{"self":[{"href":"https:\/\/livingmultimediosde.net.ar\/INDEX\/wp-json\/wp\/v2\/posts\/13536","targetHints":{"allow":["GET"]}}],"collection":[{"href":"https:\/\/livingmultimediosde.net.ar\/INDEX\/wp-json\/wp\/v2\/posts"}],"about":[{"href":"https:\/\/livingmultimediosde.net.ar\/INDEX\/wp-json\/wp\/v2\/types\/post"}],"author":[{"embeddable":true,"href":"https:\/\/livingmultimediosde.net.ar\/INDEX\/wp-json\/wp\/v2\/users\/1"}],"replies":[{"embeddable":true,"href":"https:\/\/livingmultimediosde.net.ar\/INDEX\/wp-json\/wp\/v2\/comments?post=13536"}],"version-history":[{"count":1,"href":"https:\/\/livingmultimediosde.net.ar\/INDEX\/wp-json\/wp\/v2\/posts\/13536\/revisions"}],"predecessor-version":[{"id":13538,"href":"https:\/\/livingmultimediosde.net.ar\/INDEX\/wp-json\/wp\/v2\/posts\/13536\/revisions\/13538"}],"wp:attachment":[{"href":"https:\/\/livingmultimediosde.net.ar\/INDEX\/wp-json\/wp\/v2\/media?parent=13536"}],"wp:term":[{"taxonomy":"category","embeddable":true,"href":"https:\/\/livingmultimediosde.net.ar\/INDEX\/wp-json\/wp\/v2\/categories?post=13536"},{"taxonomy":"post_tag","embeddable":true,"href":"https:\/\/livingmultimediosde.net.ar\/INDEX\/wp-json\/wp\/v2\/tags?post=13536"}],"curies":[{"name":"wp","href":"https:\/\/api.w.org\/{rel}","templated":true}]}}