{"id":12409,"date":"2025-01-14T04:15:17","date_gmt":"2025-01-14T04:15:17","guid":{"rendered":"https:\/\/livingmultimediosde.net.ar\/INDEX\/?p=12409"},"modified":"2025-01-14T04:15:19","modified_gmt":"2025-01-14T04:15:19","slug":"macri-versus-milei-el-ex-presidente-le-reprocho-al-libertario-tener-una-vision-autoritaria","status":"publish","type":"post","link":"https:\/\/livingmultimediosde.net.ar\/INDEX\/2025\/01\/macri-versus-milei-el-ex-presidente-le-reprocho-al-libertario-tener-una-vision-autoritaria\/","title":{"rendered":"Macri versus Milei: el ex presidente le reproch\u00f3 al libertario tener una \u00abvisi\u00f3n autoritaria\u00bb"},"content":{"rendered":"\n<p class=\"wp-block-paragraph\">El ex presidente Mauricio Macri cuestion\u00f3 al mandatario Javier Milei por su \u00abvisi\u00f3n autoritaria\u00bb, al reprocharle al Gobierno no haber incluido en el temario de sesiones extraordinarias el proyecto de Presupuesto 2025.<\/p>\n\n\n\n<p class=\"wp-block-paragraph\">\u00abEste enfoque nos aleja de la democracia participativa y refuerza una visi\u00f3n autoritaria, donde no hay espacio para el debate ni la construcci\u00f3n conjunta\u00bb, advirti\u00f3 el PRO, que preside Macri, a trav\u00e9s de un comunicado.<\/p>\n\n\n\n<p class=\"wp-block-paragraph\">El partido amarillo dio su postura sobre la convocatoria del Gobierno a sesiones extraordinarias del Congreso desde el 20 de enero y hasta el 21 de febrero, una iniciativa que respald\u00f3, aunque lament\u00f3 que no se incluyera el Presupuesto 2025 en el paquete de proyectos.<\/p>\n\n\n\n<p class=\"wp-block-paragraph\">El Presupuesto \u00abes una herramienta esencial que no solo organiza, proporciona previsi\u00f3n e impone l\u00edmites, sino que tambi\u00e9n fomenta el consenso democr\u00e1tico\u00bb, sostuvo el PRO, al reprocharle a la administraci\u00f3n de Milei que gobierne una vez con un plan de gastos prorrogado.<\/p>\n\n\n\n<p class=\"wp-block-paragraph\">X de PRO<br>Para el PRO, \u201cla ley de Presupuesto es una herramienta esencial que no solo organiza, proporciona previsi\u00f3n e impone l\u00edmites, sino que tambi\u00e9n fomenta el consenso democr\u00e1tico. Su exclusi\u00f3n evidencia una preocupante falta de vocaci\u00f3n de di\u00e1logo, especialmente en un momento pol\u00edtico que exige amplios consensos\u201d, a\u00f1adi\u00f3.<\/p>\n\n\n\n<p class=\"wp-block-paragraph\">Macri sent\u00f3 postura a trav\u00e9s del documento partidario en momentos en que se discute una eventual postulaci\u00f3n suya en las elecciones legislstivas, y en medio de las negociaciones entre el PRO y La Libertad Avanza (LLA) para alcanzar un acuerdo electoral.<\/p>\n\n\n\n<p class=\"wp-block-paragraph\">En efecto, el gobernador de Chubut, Ignacio \u00abNacho\u00bb Torres, sostuvo este lunes que Macri \u00abser\u00eda un buen candidato\u00bb para las elecciones legislativas de este a\u00f1o porque \u00able sobran credenciales\u00bb.<\/p>\n","protected":false},"excerpt":{"rendered":"<p>El ex presidente Mauricio Macri cuestion\u00f3 al mandatario Javier Milei por su \u00abvisi\u00f3n autoritaria\u00bb, al reprocharle al Gobierno no haber incluido en el temario de sesiones extraordinarias el proyecto de Presupuesto 2025. \u00abEste enfoque nos aleja de la democracia participativa y refuerza una visi\u00f3n autoritaria, donde no hay espacio para el debate ni la construcci\u00f3n conjunta\u00bb, advirti\u00f3 el PRO, que preside Macri, a trav\u00e9s de un comunicado. El partido amarillo dio su postura sobre la convocatoria del Gobierno a sesiones extraordinarias del Congreso desde el 20 de enero y hasta&hellip;<\/p>\n","protected":false},"author":1,"featured_media":0,"comment_status":"closed","ping_status":"closed","sticky":false,"template":"","format":"standard","meta":{"footnotes":""},"categories":[4],"tags":[],"class_list":["post-12409","post","type-post","status-publish","format-standard","hentry","category-interes-general"],"rttpg_featured_image_url":null,"rttpg_author":{"display_name":"rober","author_link":"https:\/\/livingmultimediosde.net.ar\/INDEX\/author\/rober\/"},"rttpg_comment":0,"rttpg_category":"<a href=\"https:\/\/livingmultimediosde.net.ar\/INDEX\/category\/interes-general\/\" rel=\"category tag\">INTERES GENERAL<\/a>","rttpg_excerpt":"El ex presidente Mauricio Macri cuestion\u00f3 al mandatario Javier Milei por su \u00abvisi\u00f3n autoritaria\u00bb, al reprocharle al Gobierno no haber incluido en el temario de sesiones extraordinarias el proyecto de Presupuesto 2025. \u00abEste enfoque nos aleja de la democracia participativa y refuerza una visi\u00f3n autoritaria, donde no hay espacio para el debate ni la construcci\u00f3n&hellip;","_links":{"self":[{"href":"https:\/\/livingmultimediosde.net.ar\/INDEX\/wp-json\/wp\/v2\/posts\/12409","targetHints":{"allow":["GET"]}}],"collection":[{"href":"https:\/\/livingmultimediosde.net.ar\/INDEX\/wp-json\/wp\/v2\/posts"}],"about":[{"href":"https:\/\/livingmultimediosde.net.ar\/INDEX\/wp-json\/wp\/v2\/types\/post"}],"author":[{"embeddable":true,"href":"https:\/\/livingmultimediosde.net.ar\/INDEX\/wp-json\/wp\/v2\/users\/1"}],"replies":[{"embeddable":true,"href":"https:\/\/livingmultimediosde.net.ar\/INDEX\/wp-json\/wp\/v2\/comments?post=12409"}],"version-history":[{"count":1,"href":"https:\/\/livingmultimediosde.net.ar\/INDEX\/wp-json\/wp\/v2\/posts\/12409\/revisions"}],"predecessor-version":[{"id":12411,"href":"https:\/\/livingmultimediosde.net.ar\/INDEX\/wp-json\/wp\/v2\/posts\/12409\/revisions\/12411"}],"wp:attachment":[{"href":"https:\/\/livingmultimediosde.net.ar\/INDEX\/wp-json\/wp\/v2\/media?parent=12409"}],"wp:term":[{"taxonomy":"category","embeddable":true,"href":"https:\/\/livingmultimediosde.net.ar\/INDEX\/wp-json\/wp\/v2\/categories?post=12409"},{"taxonomy":"post_tag","embeddable":true,"href":"https:\/\/livingmultimediosde.net.ar\/INDEX\/wp-json\/wp\/v2\/tags?post=12409"}],"curies":[{"name":"wp","href":"https:\/\/api.w.org\/{rel}","templated":true}]}}