{"id":12406,"date":"2025-01-14T04:13:26","date_gmt":"2025-01-14T04:13:26","guid":{"rendered":"https:\/\/livingmultimediosde.net.ar\/INDEX\/?p=12406"},"modified":"2025-01-14T04:13:29","modified_gmt":"2025-01-14T04:13:29","slug":"todo-lo-que-hay-que-saber-sobre-la-vacuna-contra-el-dengue","status":"publish","type":"post","link":"https:\/\/livingmultimediosde.net.ar\/INDEX\/2025\/01\/todo-lo-que-hay-que-saber-sobre-la-vacuna-contra-el-dengue\/","title":{"rendered":"Todo lo que hay qu\u00e9 saber sobre la vacuna contra el dengue"},"content":{"rendered":"\n<p class=\"wp-block-paragraph\">Desde el Ministerio de Salud de la Provincia evacuan todas las dudas frecuentes en torno a la vacuna contra el dengue. Entre ellas se destacan las siguientes:<\/p>\n\n\n\n<p class=\"wp-block-paragraph\">\u00bfQui\u00e9nes pueden recibirla?<br>Personas de 15 a 39 a\u00f1os residentes en Capital o La Banda, con o sin obra social.<\/p>\n\n\n\n<p class=\"wp-block-paragraph\">\u00bfD\u00f3nde pod\u00e9s vacunarte?<\/p>\n\n\n\n<p class=\"wp-block-paragraph\">En Capital: Vacunatorio Central y UPAs de distintos barrios.<\/p>\n\n\n\n<p class=\"wp-block-paragraph\">En La Banda: Centro Integral de Salud y UPAs de los barrios El Cruce, Misky Mayu, Dorrego y Los Lagos.<\/p>\n\n\n\n<p class=\"wp-block-paragraph\">\u00bfQui\u00e9nes no deben vacunarse?<\/p>\n\n\n\n<p class=\"wp-block-paragraph\">Embarazadas.<\/p>\n\n\n\n<p class=\"wp-block-paragraph\">Personas en per\u00edodo de lactancia.<\/p>\n\n\n\n<p class=\"wp-block-paragraph\">Quienes hayan tenido dengue en los \u00faltimos 6 meses.<\/p>\n\n\n\n<p class=\"wp-block-paragraph\">\u00bfEs segura la vacuna?<br>S\u00ed, est\u00e1 aprobada por ANMAT y brinda protecci\u00f3n contra los 4 serotipos del dengue.<\/p>\n\n\n\n<p class=\"wp-block-paragraph\">Dato importante: La vacuna previene las formas graves de la enfermedad, pero no evita la infecci\u00f3n.<\/p>\n","protected":false},"excerpt":{"rendered":"<p>Desde el Ministerio de Salud de la Provincia evacuan todas las dudas frecuentes en torno a la vacuna contra el dengue. Entre ellas se destacan las siguientes: \u00bfQui\u00e9nes pueden recibirla?Personas de 15 a 39 a\u00f1os residentes en Capital o La Banda, con o sin obra social. \u00bfD\u00f3nde pod\u00e9s vacunarte? En Capital: Vacunatorio Central y UPAs de distintos barrios. En La Banda: Centro Integral de Salud y UPAs de los barrios El Cruce, Misky Mayu, Dorrego y Los Lagos. \u00bfQui\u00e9nes no deben vacunarse? Embarazadas. Personas en per\u00edodo de lactancia. Quienes hayan&hellip;<\/p>\n","protected":false},"author":1,"featured_media":0,"comment_status":"closed","ping_status":"closed","sticky":false,"template":"","format":"standard","meta":{"footnotes":""},"categories":[9],"tags":[],"class_list":["post-12406","post","type-post","status-publish","format-standard","hentry","category-noticias"],"rttpg_featured_image_url":null,"rttpg_author":{"display_name":"rober","author_link":"https:\/\/livingmultimediosde.net.ar\/INDEX\/author\/rober\/"},"rttpg_comment":0,"rttpg_category":"<a href=\"https:\/\/livingmultimediosde.net.ar\/INDEX\/category\/noticias\/\" rel=\"category tag\">NOTICIAS<\/a>","rttpg_excerpt":"Desde el Ministerio de Salud de la Provincia evacuan todas las dudas frecuentes en torno a la vacuna contra el dengue. Entre ellas se destacan las siguientes: \u00bfQui\u00e9nes pueden recibirla?Personas de 15 a 39 a\u00f1os residentes en Capital o La Banda, con o sin obra social. \u00bfD\u00f3nde pod\u00e9s vacunarte? En Capital: Vacunatorio Central y UPAs&hellip;","_links":{"self":[{"href":"https:\/\/livingmultimediosde.net.ar\/INDEX\/wp-json\/wp\/v2\/posts\/12406","targetHints":{"allow":["GET"]}}],"collection":[{"href":"https:\/\/livingmultimediosde.net.ar\/INDEX\/wp-json\/wp\/v2\/posts"}],"about":[{"href":"https:\/\/livingmultimediosde.net.ar\/INDEX\/wp-json\/wp\/v2\/types\/post"}],"author":[{"embeddable":true,"href":"https:\/\/livingmultimediosde.net.ar\/INDEX\/wp-json\/wp\/v2\/users\/1"}],"replies":[{"embeddable":true,"href":"https:\/\/livingmultimediosde.net.ar\/INDEX\/wp-json\/wp\/v2\/comments?post=12406"}],"version-history":[{"count":1,"href":"https:\/\/livingmultimediosde.net.ar\/INDEX\/wp-json\/wp\/v2\/posts\/12406\/revisions"}],"predecessor-version":[{"id":12408,"href":"https:\/\/livingmultimediosde.net.ar\/INDEX\/wp-json\/wp\/v2\/posts\/12406\/revisions\/12408"}],"wp:attachment":[{"href":"https:\/\/livingmultimediosde.net.ar\/INDEX\/wp-json\/wp\/v2\/media?parent=12406"}],"wp:term":[{"taxonomy":"category","embeddable":true,"href":"https:\/\/livingmultimediosde.net.ar\/INDEX\/wp-json\/wp\/v2\/categories?post=12406"},{"taxonomy":"post_tag","embeddable":true,"href":"https:\/\/livingmultimediosde.net.ar\/INDEX\/wp-json\/wp\/v2\/tags?post=12406"}],"curies":[{"name":"wp","href":"https:\/\/api.w.org\/{rel}","templated":true}]}}