{"id":12400,"date":"2025-01-14T04:07:20","date_gmt":"2025-01-14T04:07:20","guid":{"rendered":"https:\/\/livingmultimediosde.net.ar\/INDEX\/?p=12400"},"modified":"2025-01-14T04:07:22","modified_gmt":"2025-01-14T04:07:22","slug":"la-intendente-fuentes-participo-de-la-apertura-de-la-colonia-de-vacaciones-inclusiva-de-sonckoy-manta","status":"publish","type":"post","link":"https:\/\/livingmultimediosde.net.ar\/INDEX\/2025\/01\/la-intendente-fuentes-participo-de-la-apertura-de-la-colonia-de-vacaciones-inclusiva-de-sonckoy-manta\/","title":{"rendered":"La intendente Fuentes particip\u00f3 de la apertura de la colonia de vacaciones inclusiva de Sonckoy Manta"},"content":{"rendered":"\n<p class=\"wp-block-paragraph\">La intendente de la Capital, Ing. Norma Fuentes, particip\u00f3 de la apertura de la colonia de vacaciones inclusiva organizada por la asociaci\u00f3n Sonckoy Manta en el predio polideportivo de Suoem ubicado en el Parque Aguirre.<br>Las actividades, de las que forman parte cientos de ni\u00f1os, ni\u00f1as y adolescentes con discapacidad; incluyen pr\u00e1cticas deportivas, expresiones art\u00edsticas, danzas, juegos interactivos y muchas otras propuestas recreativas.<br>La jefa comunal fue recibida por la presidenta de la instituci\u00f3n, Yanina Toscano, quien destac\u00f3 el acompa\u00f1amiento del municipio para desarrollar proyectos e iniciativas en beneficio de las personas con discapacidad.<br>Por su parte, la Ing. Fuentes resalt\u00f3 \u00abel enorme crecimiento de las instituciones que trabajan en favor de los j\u00f3venes con discapacidad, que tienen el valor de construir redes s\u00f3lidas de contenci\u00f3n y colaboraci\u00f3n\u00bb.<br>\u00abEs fundamental seguir fomentando la empat\u00eda para brindar m\u00e1s y mejores oportunidades de crecimiento e inclusi\u00f3n a todas las personas\u00bb, expres\u00f3.<\/p>\n","protected":false},"excerpt":{"rendered":"<p>La intendente de la Capital, Ing. Norma Fuentes, particip\u00f3 de la apertura de la colonia de vacaciones inclusiva organizada por la asociaci\u00f3n Sonckoy Manta en el predio polideportivo de Suoem ubicado en el Parque Aguirre.Las actividades, de las que forman parte cientos de ni\u00f1os, ni\u00f1as y adolescentes con discapacidad; incluyen pr\u00e1cticas deportivas, expresiones art\u00edsticas, danzas, juegos interactivos y muchas otras propuestas recreativas.La jefa comunal fue recibida por la presidenta de la instituci\u00f3n, Yanina Toscano, quien destac\u00f3 el acompa\u00f1amiento del municipio para desarrollar proyectos e iniciativas en beneficio de las personas&hellip;<\/p>\n","protected":false},"author":1,"featured_media":0,"comment_status":"closed","ping_status":"closed","sticky":false,"template":"","format":"standard","meta":{"footnotes":""},"categories":[9],"tags":[],"class_list":["post-12400","post","type-post","status-publish","format-standard","hentry","category-noticias"],"rttpg_featured_image_url":null,"rttpg_author":{"display_name":"rober","author_link":"https:\/\/livingmultimediosde.net.ar\/INDEX\/author\/rober\/"},"rttpg_comment":0,"rttpg_category":"<a href=\"https:\/\/livingmultimediosde.net.ar\/INDEX\/category\/noticias\/\" rel=\"category tag\">NOTICIAS<\/a>","rttpg_excerpt":"La intendente de la Capital, Ing. Norma Fuentes, particip\u00f3 de la apertura de la colonia de vacaciones inclusiva organizada por la asociaci\u00f3n Sonckoy Manta en el predio polideportivo de Suoem ubicado en el Parque Aguirre.Las actividades, de las que forman parte cientos de ni\u00f1os, ni\u00f1as y adolescentes con discapacidad; incluyen pr\u00e1cticas deportivas, expresiones art\u00edsticas, danzas,&hellip;","_links":{"self":[{"href":"https:\/\/livingmultimediosde.net.ar\/INDEX\/wp-json\/wp\/v2\/posts\/12400","targetHints":{"allow":["GET"]}}],"collection":[{"href":"https:\/\/livingmultimediosde.net.ar\/INDEX\/wp-json\/wp\/v2\/posts"}],"about":[{"href":"https:\/\/livingmultimediosde.net.ar\/INDEX\/wp-json\/wp\/v2\/types\/post"}],"author":[{"embeddable":true,"href":"https:\/\/livingmultimediosde.net.ar\/INDEX\/wp-json\/wp\/v2\/users\/1"}],"replies":[{"embeddable":true,"href":"https:\/\/livingmultimediosde.net.ar\/INDEX\/wp-json\/wp\/v2\/comments?post=12400"}],"version-history":[{"count":1,"href":"https:\/\/livingmultimediosde.net.ar\/INDEX\/wp-json\/wp\/v2\/posts\/12400\/revisions"}],"predecessor-version":[{"id":12402,"href":"https:\/\/livingmultimediosde.net.ar\/INDEX\/wp-json\/wp\/v2\/posts\/12400\/revisions\/12402"}],"wp:attachment":[{"href":"https:\/\/livingmultimediosde.net.ar\/INDEX\/wp-json\/wp\/v2\/media?parent=12400"}],"wp:term":[{"taxonomy":"category","embeddable":true,"href":"https:\/\/livingmultimediosde.net.ar\/INDEX\/wp-json\/wp\/v2\/categories?post=12400"},{"taxonomy":"post_tag","embeddable":true,"href":"https:\/\/livingmultimediosde.net.ar\/INDEX\/wp-json\/wp\/v2\/tags?post=12400"}],"curies":[{"name":"wp","href":"https:\/\/api.w.org\/{rel}","templated":true}]}}