{"id":12397,"date":"2025-01-14T04:06:07","date_gmt":"2025-01-14T04:06:07","guid":{"rendered":"https:\/\/livingmultimediosde.net.ar\/INDEX\/?p=12397"},"modified":"2025-01-14T04:06:09","modified_gmt":"2025-01-14T04:06:09","slug":"la-intendente-fuentes-recibio-a-los-taekwondistas-que-clasificaron-para-el-mundial","status":"publish","type":"post","link":"https:\/\/livingmultimediosde.net.ar\/INDEX\/2025\/01\/la-intendente-fuentes-recibio-a-los-taekwondistas-que-clasificaron-para-el-mundial\/","title":{"rendered":"La intendente Fuentes recibi\u00f3 a los taekwondistas que clasificaron para el mundial"},"content":{"rendered":"\n<p class=\"wp-block-paragraph\">La intendente de la Capital, Ing. Norma Fuentes, recibi\u00f3 en el sal\u00f3n de acuerdos la visita protocolar de alumnos de la escuela de taekwondo Claudio Salas, quienes clasificaron para representar a Argentina en el Campeonato Mundial de Taekwondo ITF que se llevar\u00e1 a cabo en Italia en octubre de 2025.<br>Se trata de los j\u00f3venes Brayan Yocca, Lucas Uma\u00f1o, Nerea Bruno Uma\u00f1o, Alfredo Moreno, Francisco Ferrari, Solange Oron\u00e1 y Luj\u00e1n G\u00f3mez; quienes agradecieron al municipio \u00abpor el c\u00e1lido recibimiento y el apoyo permanente a los deportistas locales\u00bb.<br>Por su parte, la jefa comunal felicit\u00f3 a los taekwondistas \u00abpor la hist\u00f3rica clasificaci\u00f3n\u00bb y destac\u00f3 \u00abla importancia de fomentar el deporte en los j\u00f3venes como forma de crecimiento personal y espiritual\u00bb.<\/p>\n","protected":false},"excerpt":{"rendered":"<p>La intendente de la Capital, Ing. Norma Fuentes, recibi\u00f3 en el sal\u00f3n de acuerdos la visita protocolar de alumnos de la escuela de taekwondo Claudio Salas, quienes clasificaron para representar a Argentina en el Campeonato Mundial de Taekwondo ITF que se llevar\u00e1 a cabo en Italia en octubre de 2025.Se trata de los j\u00f3venes Brayan Yocca, Lucas Uma\u00f1o, Nerea Bruno Uma\u00f1o, Alfredo Moreno, Francisco Ferrari, Solange Oron\u00e1 y Luj\u00e1n G\u00f3mez; quienes agradecieron al municipio \u00abpor el c\u00e1lido recibimiento y el apoyo permanente a los deportistas locales\u00bb.Por su parte, la jefa&hellip;<\/p>\n","protected":false},"author":1,"featured_media":0,"comment_status":"closed","ping_status":"closed","sticky":false,"template":"","format":"standard","meta":{"footnotes":""},"categories":[9],"tags":[],"class_list":["post-12397","post","type-post","status-publish","format-standard","hentry","category-noticias"],"rttpg_featured_image_url":null,"rttpg_author":{"display_name":"rober","author_link":"https:\/\/livingmultimediosde.net.ar\/INDEX\/author\/rober\/"},"rttpg_comment":0,"rttpg_category":"<a href=\"https:\/\/livingmultimediosde.net.ar\/INDEX\/category\/noticias\/\" rel=\"category tag\">NOTICIAS<\/a>","rttpg_excerpt":"La intendente de la Capital, Ing. Norma Fuentes, recibi\u00f3 en el sal\u00f3n de acuerdos la visita protocolar de alumnos de la escuela de taekwondo Claudio Salas, quienes clasificaron para representar a Argentina en el Campeonato Mundial de Taekwondo ITF que se llevar\u00e1 a cabo en Italia en octubre de 2025.Se trata de los j\u00f3venes Brayan&hellip;","_links":{"self":[{"href":"https:\/\/livingmultimediosde.net.ar\/INDEX\/wp-json\/wp\/v2\/posts\/12397","targetHints":{"allow":["GET"]}}],"collection":[{"href":"https:\/\/livingmultimediosde.net.ar\/INDEX\/wp-json\/wp\/v2\/posts"}],"about":[{"href":"https:\/\/livingmultimediosde.net.ar\/INDEX\/wp-json\/wp\/v2\/types\/post"}],"author":[{"embeddable":true,"href":"https:\/\/livingmultimediosde.net.ar\/INDEX\/wp-json\/wp\/v2\/users\/1"}],"replies":[{"embeddable":true,"href":"https:\/\/livingmultimediosde.net.ar\/INDEX\/wp-json\/wp\/v2\/comments?post=12397"}],"version-history":[{"count":1,"href":"https:\/\/livingmultimediosde.net.ar\/INDEX\/wp-json\/wp\/v2\/posts\/12397\/revisions"}],"predecessor-version":[{"id":12399,"href":"https:\/\/livingmultimediosde.net.ar\/INDEX\/wp-json\/wp\/v2\/posts\/12397\/revisions\/12399"}],"wp:attachment":[{"href":"https:\/\/livingmultimediosde.net.ar\/INDEX\/wp-json\/wp\/v2\/media?parent=12397"}],"wp:term":[{"taxonomy":"category","embeddable":true,"href":"https:\/\/livingmultimediosde.net.ar\/INDEX\/wp-json\/wp\/v2\/categories?post=12397"},{"taxonomy":"post_tag","embeddable":true,"href":"https:\/\/livingmultimediosde.net.ar\/INDEX\/wp-json\/wp\/v2\/tags?post=12397"}],"curies":[{"name":"wp","href":"https:\/\/api.w.org\/{rel}","templated":true}]}}