{"id":12393,"date":"2025-01-11T03:43:45","date_gmt":"2025-01-11T03:43:45","guid":{"rendered":"https:\/\/livingmultimediosde.net.ar\/INDEX\/?p=12393"},"modified":"2025-01-11T03:43:48","modified_gmt":"2025-01-11T03:43:48","slug":"detuvieron-al-hombre-que-maltrataba-a-su-perro-y-amenazaba-a-los-vecinos-en-balvanera","status":"publish","type":"post","link":"https:\/\/livingmultimediosde.net.ar\/INDEX\/2025\/01\/detuvieron-al-hombre-que-maltrataba-a-su-perro-y-amenazaba-a-los-vecinos-en-balvanera\/","title":{"rendered":"Detuvieron al hombre que maltrataba a su perro y amenazaba a los vecinos en Balvanera"},"content":{"rendered":"\n<p class=\"wp-block-paragraph\">El hombre de 52 a\u00f1os, que maltrataba a su perro y amenaz\u00f3 de muerte a los vecinos en el barrio porte\u00f1o de Balvanera, fue detenido por la Polic\u00eda de la Ciudad.<\/p>\n\n\n\n<p class=\"wp-block-paragraph\">Se trata de Jos\u00e9 Conde, quien fue registrado por las c\u00e1maras de seguridad del edificio, situado en Pueyrred\u00f3n y Avenida Corrientes, donde patea a su mascota.<\/p>\n\n\n\n<p class=\"wp-block-paragraph\">Adem\u00e1s, est\u00e1 acusado de utilizar aerosoles para atacar al encargado y agarrarlo de los pelos a un vecino, as\u00ed como de haber insultado y escupido a otros.<\/p>\n\n\n\n<p class=\"wp-block-paragraph\">Fuentes policiales informaron a la Agencia Noticias Argentinas que el hombre agredi\u00f3 a un jefe de servicio, identificado como H\u00e9ctor Romero, por lo que ordenaron su aprehensi\u00f3n y qued\u00f3<br>imputado por los delitos de hostigamiento y amenazas.<\/p>\n\n\n\n<p class=\"wp-block-paragraph\">El sindicado radic\u00f3 una denuncia el 21 de octubre del 2020 y y reci\u00e9n obtuvo la resoluci\u00f3n de la misma el 31 de marzo del 2022.<\/p>\n\n\n\n<p class=\"wp-block-paragraph\">En este sentido, estos personas recibieron la denuncia de Conde apenas entr\u00f3 al consorcio por \u00abincumplimientos de deberes de administrador p\u00fablico\u00bb.<\/p>\n\n\n\n<p class=\"wp-block-paragraph\">En medios televisivos, una vecina mencion\u00f3 que \u00abtodos tienen miedo, por eso muchos no quieren salir a hablar\u00bb y que Conde \u00abdebe tener como cinco o seis denuncias\u00bb, a la vez que a\u00f1adi\u00f3: \u00abTuvimos custodia por un mes por las amenazas de muerte a esa vecina que se fue del edificio\u00bb.<\/p>\n\n\n\n<p class=\"wp-block-paragraph\">\u00abNo s\u00e9 qu\u00e9 soluci\u00f3n encontrar, porque hablar con \u00e9l es imposible. Por m\u00e1s que intentamos llevar una buena relaci\u00f3n entre vecinos. Es muy dif\u00edcil hablar con \u00e9l\u00bb, consign\u00f3 sobre lo ocurrido.<\/p>\n\n\n\n<p class=\"wp-block-paragraph\">Pese a que la Polic\u00eda intervino en varias oportunidades, el propietario mantuvo su postura agresiva y hasta pretende integrar el consejo de administraci\u00f3n del edificio.<\/p>\n\n\n\n<p class=\"wp-block-paragraph\">Su perro llamado Pericles hab\u00eda sido rescatado este viernes tras la denuncia de una vecina, quien se quedar\u00e1 con la mascota hasta que se investigue la situaci\u00f3n.<\/p>\n\n\n\n<p class=\"wp-block-paragraph\">Durante el operativo, del que tambi\u00e9n participaron agentes del Cuerpo de Investigaciones Judiciales (CIJ) del Ministerio P\u00fablico Fiscal, un m\u00e9dico veterinario y la ONG \u00abAliento de Vida Animal\u00bb, se constat\u00f3 que un perro mestizo de color negro viv\u00eda en condiciones inadecuadas de higiene y sin las vacunas correspondientes.<\/p>\n\n\n\n<p class=\"wp-block-paragraph\">Jos\u00e9 se tir\u00f3 al piso y se neg\u00f3 a que el perro fuera analizado por el personal m\u00e9dico.<\/p>\n\n\n\n<p class=\"wp-block-paragraph\">La situaci\u00f3n requiri\u00f3 la intervenci\u00f3n de personal m\u00e9dico del SAME, que diagnostic\u00f3 una crisis nerviosa y presi\u00f3n alta, por lo que fue trasladado al Hospital Fern\u00e1ndez para evaluaci\u00f3n.<\/p>\n\n\n\n<p class=\"wp-block-paragraph\">Las autoridades judiciales dispusieron que no se adoptaran medidas restrictivas contra el hombre, limit\u00e1ndose a notificarlo por infracci\u00f3n a la Ley de Protecci\u00f3n Animal.<\/p>\n\n\n\n<p class=\"wp-block-paragraph\">Asimismo, se constat\u00f3 que los oficiales subieron con una transportadora (jaulas para transportar al perro) y sacaron al animal del domicilio del maltratador para ser dado a una rescatista donde evaluar\u00e1 las condiciones de la mascota.<\/p>\n\n\n\n<p class=\"wp-block-paragraph\">Por \u00faltimo, en el caso intervienen el Juzgado Penal Contravencional y de Faltas n\u00famero cuatro, a cargo de la jueza Roc\u00edo Mercedes L\u00f3pez Di Muro y la Unidad Fiscal Especializada en Materia Ambiental, a cargo del fiscal auxiliar Ricardo Bomparola.<\/p>\n","protected":false},"excerpt":{"rendered":"<p>El hombre de 52 a\u00f1os, que maltrataba a su perro y amenaz\u00f3 de muerte a los vecinos en el barrio porte\u00f1o de Balvanera, fue detenido por la Polic\u00eda de la Ciudad. Se trata de Jos\u00e9 Conde, quien fue registrado por las c\u00e1maras de seguridad del edificio, situado en Pueyrred\u00f3n y Avenida Corrientes, donde patea a su mascota. Adem\u00e1s, est\u00e1 acusado de utilizar aerosoles para atacar al encargado y agarrarlo de los pelos a un vecino, as\u00ed como de haber insultado y escupido a otros. Fuentes policiales informaron a la Agencia&hellip;<\/p>\n","protected":false},"author":1,"featured_media":0,"comment_status":"closed","ping_status":"closed","sticky":false,"template":"","format":"standard","meta":{"footnotes":""},"categories":[4],"tags":[],"class_list":["post-12393","post","type-post","status-publish","format-standard","hentry","category-interes-general"],"rttpg_featured_image_url":null,"rttpg_author":{"display_name":"rober","author_link":"https:\/\/livingmultimediosde.net.ar\/INDEX\/author\/rober\/"},"rttpg_comment":0,"rttpg_category":"<a href=\"https:\/\/livingmultimediosde.net.ar\/INDEX\/category\/interes-general\/\" rel=\"category tag\">INTERES GENERAL<\/a>","rttpg_excerpt":"El hombre de 52 a\u00f1os, que maltrataba a su perro y amenaz\u00f3 de muerte a los vecinos en el barrio porte\u00f1o de Balvanera, fue detenido por la Polic\u00eda de la Ciudad. Se trata de Jos\u00e9 Conde, quien fue registrado por las c\u00e1maras de seguridad del edificio, situado en Pueyrred\u00f3n y Avenida Corrientes, donde patea a&hellip;","_links":{"self":[{"href":"https:\/\/livingmultimediosde.net.ar\/INDEX\/wp-json\/wp\/v2\/posts\/12393","targetHints":{"allow":["GET"]}}],"collection":[{"href":"https:\/\/livingmultimediosde.net.ar\/INDEX\/wp-json\/wp\/v2\/posts"}],"about":[{"href":"https:\/\/livingmultimediosde.net.ar\/INDEX\/wp-json\/wp\/v2\/types\/post"}],"author":[{"embeddable":true,"href":"https:\/\/livingmultimediosde.net.ar\/INDEX\/wp-json\/wp\/v2\/users\/1"}],"replies":[{"embeddable":true,"href":"https:\/\/livingmultimediosde.net.ar\/INDEX\/wp-json\/wp\/v2\/comments?post=12393"}],"version-history":[{"count":1,"href":"https:\/\/livingmultimediosde.net.ar\/INDEX\/wp-json\/wp\/v2\/posts\/12393\/revisions"}],"predecessor-version":[{"id":12395,"href":"https:\/\/livingmultimediosde.net.ar\/INDEX\/wp-json\/wp\/v2\/posts\/12393\/revisions\/12395"}],"wp:attachment":[{"href":"https:\/\/livingmultimediosde.net.ar\/INDEX\/wp-json\/wp\/v2\/media?parent=12393"}],"wp:term":[{"taxonomy":"category","embeddable":true,"href":"https:\/\/livingmultimediosde.net.ar\/INDEX\/wp-json\/wp\/v2\/categories?post=12393"},{"taxonomy":"post_tag","embeddable":true,"href":"https:\/\/livingmultimediosde.net.ar\/INDEX\/wp-json\/wp\/v2\/tags?post=12393"}],"curies":[{"name":"wp","href":"https:\/\/api.w.org\/{rel}","templated":true}]}}