{"id":12390,"date":"2025-01-11T03:34:02","date_gmt":"2025-01-11T03:34:02","guid":{"rendered":"https:\/\/livingmultimediosde.net.ar\/INDEX\/?p=12390"},"modified":"2025-01-11T03:34:05","modified_gmt":"2025-01-11T03:34:05","slug":"milei-trato-de-zurdo-de-manual-a-ricardo-alfonsin-por-un-tuit-sobre-la-situacion-en-venezuela","status":"publish","type":"post","link":"https:\/\/livingmultimediosde.net.ar\/INDEX\/2025\/01\/milei-trato-de-zurdo-de-manual-a-ricardo-alfonsin-por-un-tuit-sobre-la-situacion-en-venezuela\/","title":{"rendered":"Milei trat\u00f3 de \u00abzurdo de manual\u00bb a Ricardo Alfons\u00edn por un tuit sobre la situaci\u00f3n en Venezuela"},"content":{"rendered":"\n<p class=\"wp-block-paragraph\">El presidente Javier Milei trat\u00f3 hoy de \u00abzurdo de manual\u00bb al ex embajador en Espa\u00f1a Ricardo Alfons\u00edn por una publicaci\u00f3n en la que el dirigente radical se preguntaba si \u201cel oficialismo y aleda\u00f1os dir\u00edan lo mismo\u201d sobre la situaci\u00f3n de Venezuela si el gobierno de ese pa\u00eds fuera \u00abneoliberal y libertario\u00bb.<\/p>\n\n\n\n<p class=\"wp-block-paragraph\">\u00abZurdo de manual. El ladr\u00f3n cree a todos de su misma condici\u00f3n. El texto muestra la forma siniestra con la que opera la izquierda. En funci\u00f3n de ello, \u00b4Ricarguito\u00b4 hace una pregunta, la cual nos regala una confesi\u00f3n\u00bb, expres\u00f3 Milei, al hacerse eco de la publicaci\u00f3n de Alfons\u00edn.<\/p>\n\n\n\n<p class=\"wp-block-paragraph\">El mandatario le reproch\u00f3 al dirigente radical que \u00abnunca me escuch\u00f3 c\u00f3mo defino liberalismo\u00bb. \u00ab\u00a1Ciao zurdo!\u00bb, cerr\u00f3 su intervenci\u00f3n.<\/p>\n\n\n\n<p class=\"wp-block-paragraph\">En su posteo en redes, Alfons\u00edn hab\u00eda expresado que \u00aba muchos nos preocupa en serio lo que ocurre en Venezuela con la democracia. Me pregunto si al oficialismo y aleda\u00f1os tambi\u00e9n\u00bb.<\/p>\n\n\n\n<p class=\"wp-block-paragraph\">\u00ab\u00bfDir\u00edan lo mismo de Venezuela, si en lugar de ser socialista, como dicen, fuera neoliberal y libertaria? Hay razones para pensar que no. Seguiremos con esto\u00bb, hab\u00eda rematado su posteo el dirigente radical.<\/p>\n\n\n\n<p class=\"wp-block-paragraph\">El presidente de Venezuela, Nicol\u00e1s Maduro, jur\u00f3 hoy por un nuevo mandato al frente de ese pa\u00eds en medio de un clima de tensi\u00f3n y rechazo a su legitimidad, y asegur\u00f3 que \u00absiempre cumpli\u00f3 con la Constituci\u00f3n\u00bb.<\/p>\n\n\n\n<p class=\"wp-block-paragraph\">ADORNI TAMBI\u00c9N SE SUM\u00d3 A RESPONDERLE A ALFONS\u00cdN<\/p>\n\n\n\n<p class=\"wp-block-paragraph\">El vocero presidencial Manuel Adorni sali\u00f3 a responderle al hijo del expresidente radical con un picante tuit.<\/p>\n\n\n\n<p class=\"wp-block-paragraph\">\u00abEstimado Ricardo: no s\u00e9 bien a qu\u00e9 se refiere con neoliberal, de hecho creo que usted tampoco. Por otro lado una dictadura no es m\u00e1s que lo perfectamente opuesto al liberalismo, asique tampoco s\u00e9 bien a qu\u00e9 se refiere\u00bb, expres\u00f3 el funcionario nacional.<\/p>\n\n\n\n<p class=\"wp-block-paragraph\">Y finaliz\u00f3: \u00abEn definitiva, lo que escribi\u00f3 es una absoluta estupidez carente de cualquier tipo de sentido. Saludos.\u00bb<\/p>\n","protected":false},"excerpt":{"rendered":"<p>El presidente Javier Milei trat\u00f3 hoy de \u00abzurdo de manual\u00bb al ex embajador en Espa\u00f1a Ricardo Alfons\u00edn por una publicaci\u00f3n en la que el dirigente radical se preguntaba si \u201cel oficialismo y aleda\u00f1os dir\u00edan lo mismo\u201d sobre la situaci\u00f3n de Venezuela si el gobierno de ese pa\u00eds fuera \u00abneoliberal y libertario\u00bb. \u00abZurdo de manual. El ladr\u00f3n cree a todos de su misma condici\u00f3n. El texto muestra la forma siniestra con la que opera la izquierda. En funci\u00f3n de ello, \u00b4Ricarguito\u00b4 hace una pregunta, la cual nos regala una confesi\u00f3n\u00bb, expres\u00f3&hellip;<\/p>\n","protected":false},"author":1,"featured_media":0,"comment_status":"closed","ping_status":"closed","sticky":false,"template":"","format":"standard","meta":{"footnotes":""},"categories":[4],"tags":[],"class_list":["post-12390","post","type-post","status-publish","format-standard","hentry","category-interes-general"],"rttpg_featured_image_url":null,"rttpg_author":{"display_name":"rober","author_link":"https:\/\/livingmultimediosde.net.ar\/INDEX\/author\/rober\/"},"rttpg_comment":0,"rttpg_category":"<a href=\"https:\/\/livingmultimediosde.net.ar\/INDEX\/category\/interes-general\/\" rel=\"category tag\">INTERES GENERAL<\/a>","rttpg_excerpt":"El presidente Javier Milei trat\u00f3 hoy de \u00abzurdo de manual\u00bb al ex embajador en Espa\u00f1a Ricardo Alfons\u00edn por una publicaci\u00f3n en la que el dirigente radical se preguntaba si \u201cel oficialismo y aleda\u00f1os dir\u00edan lo mismo\u201d sobre la situaci\u00f3n de Venezuela si el gobierno de ese pa\u00eds fuera \u00abneoliberal y libertario\u00bb. \u00abZurdo de manual. El&hellip;","_links":{"self":[{"href":"https:\/\/livingmultimediosde.net.ar\/INDEX\/wp-json\/wp\/v2\/posts\/12390","targetHints":{"allow":["GET"]}}],"collection":[{"href":"https:\/\/livingmultimediosde.net.ar\/INDEX\/wp-json\/wp\/v2\/posts"}],"about":[{"href":"https:\/\/livingmultimediosde.net.ar\/INDEX\/wp-json\/wp\/v2\/types\/post"}],"author":[{"embeddable":true,"href":"https:\/\/livingmultimediosde.net.ar\/INDEX\/wp-json\/wp\/v2\/users\/1"}],"replies":[{"embeddable":true,"href":"https:\/\/livingmultimediosde.net.ar\/INDEX\/wp-json\/wp\/v2\/comments?post=12390"}],"version-history":[{"count":1,"href":"https:\/\/livingmultimediosde.net.ar\/INDEX\/wp-json\/wp\/v2\/posts\/12390\/revisions"}],"predecessor-version":[{"id":12392,"href":"https:\/\/livingmultimediosde.net.ar\/INDEX\/wp-json\/wp\/v2\/posts\/12390\/revisions\/12392"}],"wp:attachment":[{"href":"https:\/\/livingmultimediosde.net.ar\/INDEX\/wp-json\/wp\/v2\/media?parent=12390"}],"wp:term":[{"taxonomy":"category","embeddable":true,"href":"https:\/\/livingmultimediosde.net.ar\/INDEX\/wp-json\/wp\/v2\/categories?post=12390"},{"taxonomy":"post_tag","embeddable":true,"href":"https:\/\/livingmultimediosde.net.ar\/INDEX\/wp-json\/wp\/v2\/tags?post=12390"}],"curies":[{"name":"wp","href":"https:\/\/api.w.org\/{rel}","templated":true}]}}