{"id":12387,"date":"2025-01-11T03:29:31","date_gmt":"2025-01-11T03:29:31","guid":{"rendered":"https:\/\/livingmultimediosde.net.ar\/INDEX\/?p=12387"},"modified":"2025-01-11T03:29:33","modified_gmt":"2025-01-11T03:29:33","slug":"el-gobierno-convoco-a-sesiones-extraordinarias-los-temas-clave-que-se-debatiran","status":"publish","type":"post","link":"https:\/\/livingmultimediosde.net.ar\/INDEX\/2025\/01\/el-gobierno-convoco-a-sesiones-extraordinarias-los-temas-clave-que-se-debatiran\/","title":{"rendered":"El Gobierno convoc\u00f3 a sesiones extraordinarias: los temas clave que se debatir\u00e1n"},"content":{"rendered":"\n<p class=\"wp-block-paragraph\">El Poder Ejecutivo firm\u00f3 el decreto que convoca a sesiones extraordinarias en el Congreso de la Naci\u00f3n, que se desarrollar\u00e1n entre el 20 de enero y el 21 de febrero. As\u00ed lo inform\u00f3 el vocero Manuel Adorni en su cuenta de X (antes Twitter), seg\u00fan pudo saber la Agencia Noticias Argentinas.Entre los puntos destacados del temario figuran la Ley Antimafias, la modificaci\u00f3n del C\u00f3digo Procesal Penal para regular el \u201cJuicio en ausencia\u201d, la unificaci\u00f3n de condenas y el r\u00e9gimen de reiterancia. Adem\u00e1s, se incluir\u00e1n proyectos como la Ley de Reforma para el Fortalecimiento Electoral, la iniciativa de Ficha Limpia, y normativas vinculadas a la compensaci\u00f3n e \u00edndices de actualizaci\u00f3n de quebrantos. Tambi\u00e9n se debatir\u00e1n pliegos que requieren acuerdo del Senado de la Naci\u00f3n.<\/p>\n","protected":false},"excerpt":{"rendered":"<p>El Poder Ejecutivo firm\u00f3 el decreto que convoca a sesiones extraordinarias en el Congreso de la Naci\u00f3n, que se desarrollar\u00e1n entre el 20 de enero y el 21 de febrero. As\u00ed lo inform\u00f3 el vocero Manuel Adorni en su cuenta de X (antes Twitter), seg\u00fan pudo saber la Agencia Noticias Argentinas.Entre los puntos destacados del temario figuran la Ley Antimafias, la modificaci\u00f3n del C\u00f3digo Procesal Penal para regular el \u201cJuicio en ausencia\u201d, la unificaci\u00f3n de condenas y el r\u00e9gimen de reiterancia. Adem\u00e1s, se incluir\u00e1n proyectos como la Ley de Reforma&hellip;<\/p>\n","protected":false},"author":1,"featured_media":0,"comment_status":"closed","ping_status":"closed","sticky":false,"template":"","format":"standard","meta":{"footnotes":""},"categories":[4],"tags":[],"class_list":["post-12387","post","type-post","status-publish","format-standard","hentry","category-interes-general"],"rttpg_featured_image_url":null,"rttpg_author":{"display_name":"rober","author_link":"https:\/\/livingmultimediosde.net.ar\/INDEX\/author\/rober\/"},"rttpg_comment":0,"rttpg_category":"<a href=\"https:\/\/livingmultimediosde.net.ar\/INDEX\/category\/interes-general\/\" rel=\"category tag\">INTERES GENERAL<\/a>","rttpg_excerpt":"El Poder Ejecutivo firm\u00f3 el decreto que convoca a sesiones extraordinarias en el Congreso de la Naci\u00f3n, que se desarrollar\u00e1n entre el 20 de enero y el 21 de febrero. As\u00ed lo inform\u00f3 el vocero Manuel Adorni en su cuenta de X (antes Twitter), seg\u00fan pudo saber la Agencia Noticias Argentinas.Entre los puntos destacados del&hellip;","_links":{"self":[{"href":"https:\/\/livingmultimediosde.net.ar\/INDEX\/wp-json\/wp\/v2\/posts\/12387","targetHints":{"allow":["GET"]}}],"collection":[{"href":"https:\/\/livingmultimediosde.net.ar\/INDEX\/wp-json\/wp\/v2\/posts"}],"about":[{"href":"https:\/\/livingmultimediosde.net.ar\/INDEX\/wp-json\/wp\/v2\/types\/post"}],"author":[{"embeddable":true,"href":"https:\/\/livingmultimediosde.net.ar\/INDEX\/wp-json\/wp\/v2\/users\/1"}],"replies":[{"embeddable":true,"href":"https:\/\/livingmultimediosde.net.ar\/INDEX\/wp-json\/wp\/v2\/comments?post=12387"}],"version-history":[{"count":1,"href":"https:\/\/livingmultimediosde.net.ar\/INDEX\/wp-json\/wp\/v2\/posts\/12387\/revisions"}],"predecessor-version":[{"id":12389,"href":"https:\/\/livingmultimediosde.net.ar\/INDEX\/wp-json\/wp\/v2\/posts\/12387\/revisions\/12389"}],"wp:attachment":[{"href":"https:\/\/livingmultimediosde.net.ar\/INDEX\/wp-json\/wp\/v2\/media?parent=12387"}],"wp:term":[{"taxonomy":"category","embeddable":true,"href":"https:\/\/livingmultimediosde.net.ar\/INDEX\/wp-json\/wp\/v2\/categories?post=12387"},{"taxonomy":"post_tag","embeddable":true,"href":"https:\/\/livingmultimediosde.net.ar\/INDEX\/wp-json\/wp\/v2\/tags?post=12387"}],"curies":[{"name":"wp","href":"https:\/\/api.w.org\/{rel}","templated":true}]}}