{"id":12378,"date":"2025-01-11T03:01:13","date_gmt":"2025-01-11T03:01:13","guid":{"rendered":"https:\/\/livingmultimediosde.net.ar\/INDEX\/?p=12378"},"modified":"2025-01-11T03:01:15","modified_gmt":"2025-01-11T03:01:15","slug":"la-municipalidad-inaugurara-este-lunes-una-plaza-en-el-barrio-juan-felipe-ibarra","status":"publish","type":"post","link":"https:\/\/livingmultimediosde.net.ar\/INDEX\/2025\/01\/la-municipalidad-inaugurara-este-lunes-una-plaza-en-el-barrio-juan-felipe-ibarra\/","title":{"rendered":"La Municipalidad inaugurar\u00e1 este lunes una plaza en el barrio Juan Felipe Ibarra"},"content":{"rendered":"\n<p class=\"wp-block-paragraph\">La Municipalidad de la Capital sumar\u00e1 un nuevo espacio verde a la ciudad con la inauguraci\u00f3n de la plaza \u00abPeruchillo\u00bb ubicada en el barrio Juan Felipe Ibarra, que se realizar\u00e1 el pr\u00f3ximo lunes 13.<br>Se trata del noveno espacio verde que el municipio habilita en menos de un a\u00f1o, en el marco de las pol\u00edticas p\u00fablicas impulsadas por la intendente, Ing. Norma Fuentes, que buscan brindar lugares m\u00e1s confortables al aire libre para el encuentro de las familias.<br>Ubicada entre las calles Roberto Piri Sabalza, Gaucho Nicol\u00e1s Banegas y Maip\u00fa; la plaza posee una superficie de 1755 metros cuadrados, de los cuales 999 se destinaron a superficie verde, lo que representa un 57%.<br>Contar\u00e1 con un sector central de juegos infantiles, p\u00e9rgolas que brindar\u00e1n mayor sombra y colorido, merenderos que se ubicar\u00e1n bajo los \u00e1rboles existentes y salas para seguridad policial y dep\u00f3sito; adem\u00e1s de nuevos bancos, cestos, iluminaci\u00f3n y otros equipamientos urbanos.<\/p>\n","protected":false},"excerpt":{"rendered":"<p>La Municipalidad de la Capital sumar\u00e1 un nuevo espacio verde a la ciudad con la inauguraci\u00f3n de la plaza \u00abPeruchillo\u00bb ubicada en el barrio Juan Felipe Ibarra, que se realizar\u00e1 el pr\u00f3ximo lunes 13.Se trata del noveno espacio verde que el municipio habilita en menos de un a\u00f1o, en el marco de las pol\u00edticas p\u00fablicas impulsadas por la intendente, Ing. Norma Fuentes, que buscan brindar lugares m\u00e1s confortables al aire libre para el encuentro de las familias.Ubicada entre las calles Roberto Piri Sabalza, Gaucho Nicol\u00e1s Banegas y Maip\u00fa; la plaza&hellip;<\/p>\n","protected":false},"author":1,"featured_media":0,"comment_status":"closed","ping_status":"closed","sticky":false,"template":"","format":"standard","meta":{"footnotes":""},"categories":[9],"tags":[],"class_list":["post-12378","post","type-post","status-publish","format-standard","hentry","category-noticias"],"rttpg_featured_image_url":null,"rttpg_author":{"display_name":"rober","author_link":"https:\/\/livingmultimediosde.net.ar\/INDEX\/author\/rober\/"},"rttpg_comment":0,"rttpg_category":"<a href=\"https:\/\/livingmultimediosde.net.ar\/INDEX\/category\/noticias\/\" rel=\"category tag\">NOTICIAS<\/a>","rttpg_excerpt":"La Municipalidad de la Capital sumar\u00e1 un nuevo espacio verde a la ciudad con la inauguraci\u00f3n de la plaza \u00abPeruchillo\u00bb ubicada en el barrio Juan Felipe Ibarra, que se realizar\u00e1 el pr\u00f3ximo lunes 13.Se trata del noveno espacio verde que el municipio habilita en menos de un a\u00f1o, en el marco de las pol\u00edticas p\u00fablicas&hellip;","_links":{"self":[{"href":"https:\/\/livingmultimediosde.net.ar\/INDEX\/wp-json\/wp\/v2\/posts\/12378","targetHints":{"allow":["GET"]}}],"collection":[{"href":"https:\/\/livingmultimediosde.net.ar\/INDEX\/wp-json\/wp\/v2\/posts"}],"about":[{"href":"https:\/\/livingmultimediosde.net.ar\/INDEX\/wp-json\/wp\/v2\/types\/post"}],"author":[{"embeddable":true,"href":"https:\/\/livingmultimediosde.net.ar\/INDEX\/wp-json\/wp\/v2\/users\/1"}],"replies":[{"embeddable":true,"href":"https:\/\/livingmultimediosde.net.ar\/INDEX\/wp-json\/wp\/v2\/comments?post=12378"}],"version-history":[{"count":1,"href":"https:\/\/livingmultimediosde.net.ar\/INDEX\/wp-json\/wp\/v2\/posts\/12378\/revisions"}],"predecessor-version":[{"id":12380,"href":"https:\/\/livingmultimediosde.net.ar\/INDEX\/wp-json\/wp\/v2\/posts\/12378\/revisions\/12380"}],"wp:attachment":[{"href":"https:\/\/livingmultimediosde.net.ar\/INDEX\/wp-json\/wp\/v2\/media?parent=12378"}],"wp:term":[{"taxonomy":"category","embeddable":true,"href":"https:\/\/livingmultimediosde.net.ar\/INDEX\/wp-json\/wp\/v2\/categories?post=12378"},{"taxonomy":"post_tag","embeddable":true,"href":"https:\/\/livingmultimediosde.net.ar\/INDEX\/wp-json\/wp\/v2\/tags?post=12378"}],"curies":[{"name":"wp","href":"https:\/\/api.w.org\/{rel}","templated":true}]}}