{"id":12372,"date":"2025-01-11T02:55:46","date_gmt":"2025-01-11T02:55:46","guid":{"rendered":"https:\/\/livingmultimediosde.net.ar\/INDEX\/?p=12372"},"modified":"2025-01-11T02:55:49","modified_gmt":"2025-01-11T02:55:49","slug":"trazan-acciones-estrategicas","status":"publish","type":"post","link":"https:\/\/livingmultimediosde.net.ar\/INDEX\/2025\/01\/trazan-acciones-estrategicas\/","title":{"rendered":"Trazan acciones estrat\u00e9gicas"},"content":{"rendered":"\n<p class=\"wp-block-paragraph\">El Ministro de Producci\u00f3n, Miguel Mandrille, encabez\u00f3 una reuni\u00f3n virtual junto a la Coordinadora de la Oficina de Empleo Regi\u00f3n Sur, Tec. Mariana D\u00edaz, y la Tec. Elvia P\u00e9rez de la Oficina de Empleo de Figueroa, para abordar la planificaci\u00f3n y coordinaci\u00f3n de actividades en el marco de los programas nacionales impulsados por la Secretar\u00eda de Trabajo, Empleo y Seguridad Social.<\/p>\n\n\n\n<p class=\"wp-block-paragraph\">Participaron del encuentro la Dra. Laura Godoy, Jefa de la Agencia Territorial del Ministerio de Capital Humana, y los intendentes de la Regi\u00f3n Sur; Dra. M\u00f3nica Bustamante (Ojo de Agua); Fernando Bernasconi (Sumampa); Nora Rold\u00e1n (Los Telares) y Roberto Brand\u00e1n (Villa Atamisqui).<\/p>\n\n\n\n<p class=\"wp-block-paragraph\">Durante la reuni\u00f3n se discutieron estrategias de difusi\u00f3n y desarrollo de acciones conjuntas, reforzando el compromiso de los gobiernos locales y nacionales en la implementaci\u00f3n de pol\u00edticas que promuevan el empleo y el desarrollo territorial. Esta iniciativa busca optimizar la llegada de los programas a las comunidades, beneficiando a m\u00e1s vecinos de la regi\u00f3n.<\/p>\n","protected":false},"excerpt":{"rendered":"<p>El Ministro de Producci\u00f3n, Miguel Mandrille, encabez\u00f3 una reuni\u00f3n virtual junto a la Coordinadora de la Oficina de Empleo Regi\u00f3n Sur, Tec. Mariana D\u00edaz, y la Tec. Elvia P\u00e9rez de la Oficina de Empleo de Figueroa, para abordar la planificaci\u00f3n y coordinaci\u00f3n de actividades en el marco de los programas nacionales impulsados por la Secretar\u00eda de Trabajo, Empleo y Seguridad Social. Participaron del encuentro la Dra. Laura Godoy, Jefa de la Agencia Territorial del Ministerio de Capital Humana, y los intendentes de la Regi\u00f3n Sur; Dra. M\u00f3nica Bustamante (Ojo de&hellip;<\/p>\n","protected":false},"author":1,"featured_media":0,"comment_status":"closed","ping_status":"closed","sticky":false,"template":"","format":"standard","meta":{"footnotes":""},"categories":[9],"tags":[],"class_list":["post-12372","post","type-post","status-publish","format-standard","hentry","category-noticias"],"rttpg_featured_image_url":null,"rttpg_author":{"display_name":"rober","author_link":"https:\/\/livingmultimediosde.net.ar\/INDEX\/author\/rober\/"},"rttpg_comment":0,"rttpg_category":"<a href=\"https:\/\/livingmultimediosde.net.ar\/INDEX\/category\/noticias\/\" rel=\"category tag\">NOTICIAS<\/a>","rttpg_excerpt":"El Ministro de Producci\u00f3n, Miguel Mandrille, encabez\u00f3 una reuni\u00f3n virtual junto a la Coordinadora de la Oficina de Empleo Regi\u00f3n Sur, Tec. Mariana D\u00edaz, y la Tec. Elvia P\u00e9rez de la Oficina de Empleo de Figueroa, para abordar la planificaci\u00f3n y coordinaci\u00f3n de actividades en el marco de los programas nacionales impulsados por la Secretar\u00eda&hellip;","_links":{"self":[{"href":"https:\/\/livingmultimediosde.net.ar\/INDEX\/wp-json\/wp\/v2\/posts\/12372","targetHints":{"allow":["GET"]}}],"collection":[{"href":"https:\/\/livingmultimediosde.net.ar\/INDEX\/wp-json\/wp\/v2\/posts"}],"about":[{"href":"https:\/\/livingmultimediosde.net.ar\/INDEX\/wp-json\/wp\/v2\/types\/post"}],"author":[{"embeddable":true,"href":"https:\/\/livingmultimediosde.net.ar\/INDEX\/wp-json\/wp\/v2\/users\/1"}],"replies":[{"embeddable":true,"href":"https:\/\/livingmultimediosde.net.ar\/INDEX\/wp-json\/wp\/v2\/comments?post=12372"}],"version-history":[{"count":1,"href":"https:\/\/livingmultimediosde.net.ar\/INDEX\/wp-json\/wp\/v2\/posts\/12372\/revisions"}],"predecessor-version":[{"id":12374,"href":"https:\/\/livingmultimediosde.net.ar\/INDEX\/wp-json\/wp\/v2\/posts\/12372\/revisions\/12374"}],"wp:attachment":[{"href":"https:\/\/livingmultimediosde.net.ar\/INDEX\/wp-json\/wp\/v2\/media?parent=12372"}],"wp:term":[{"taxonomy":"category","embeddable":true,"href":"https:\/\/livingmultimediosde.net.ar\/INDEX\/wp-json\/wp\/v2\/categories?post=12372"},{"taxonomy":"post_tag","embeddable":true,"href":"https:\/\/livingmultimediosde.net.ar\/INDEX\/wp-json\/wp\/v2\/tags?post=12372"}],"curies":[{"name":"wp","href":"https:\/\/api.w.org\/{rel}","templated":true}]}}