{"id":12368,"date":"2025-01-10T05:59:15","date_gmt":"2025-01-10T05:59:15","guid":{"rendered":"https:\/\/livingmultimediosde.net.ar\/INDEX\/?p=12368"},"modified":"2025-01-10T05:59:19","modified_gmt":"2025-01-10T05:59:19","slug":"santiago-es-tu-rio-tendra-una-feria-de-emprendedores-y-artesanos-con-mas-de-100-stand","status":"publish","type":"post","link":"https:\/\/livingmultimediosde.net.ar\/INDEX\/2025\/01\/santiago-es-tu-rio-tendra-una-feria-de-emprendedores-y-artesanos-con-mas-de-100-stand\/","title":{"rendered":"Santiago es tu R\u00edo tendr\u00e1 una feria de emprendedores y artesanos con m\u00e1s de 100 stand"},"content":{"rendered":"\n<p class=\"wp-block-paragraph\">La edici\u00f3n 2025 de Santiago es tu R\u00edo, organizada por la Municipalidad de la Capital, contar\u00e1 entre sus atractivos con una feria de artesanos y emprendedores que reunir\u00e1 a m\u00e1s de 100 expositores, reflejando el crecimiento de temporadas anteriores.<br>Este a\u00f1o, el predio ubicado en avenida Luis Lescano y avenida Alsina, tendr\u00e1 un espacio de creatividad, sabores y propuestas originales de manos de emprendedores locales.<br>En el sector de artesan\u00edas, los visitantes podr\u00e1n encontrar piezas \u00fanicas elaboradas en cuero, metal, piedras y madera. La feria tambi\u00e9n ofrece productos decorativos para el hogar, plantas, macetas pintadas a mano y prendas exclusivas de dise\u00f1adoras locales, destacando el talento santiague\u00f1o.<br>El sector de panificados, mieles, conservas y otras elaboraciones regionales.<br>Este a\u00f1o, la feria habilitar\u00e1 un sector gastron\u00f3mico con opciones como pizzas caseras, shawarma, helado artesanal y otras propuestas innovadoras.<br>Este espacio es la continuidad del trabajo del municipio con los emprendedores locales a trav\u00e9s de capacitaciones y en este caso brind\u00e1ndoles una plataforma para exhibir y comercializar sus creaciones. Adem\u00e1s, el evento busca fortalecer la identidad cultural y fomentar la econom\u00eda social.<br>La feria estar\u00e1 abierta al p\u00fablico durante todo el fin de semana, ofreciendo actividades complementarias como espect\u00e1culos art\u00edsticos, deportes en arena, juegos infantiles, entre otros para disfrutar en familia.<\/p>\n","protected":false},"excerpt":{"rendered":"<p>La edici\u00f3n 2025 de Santiago es tu R\u00edo, organizada por la Municipalidad de la Capital, contar\u00e1 entre sus atractivos con una feria de artesanos y emprendedores que reunir\u00e1 a m\u00e1s de 100 expositores, reflejando el crecimiento de temporadas anteriores.Este a\u00f1o, el predio ubicado en avenida Luis Lescano y avenida Alsina, tendr\u00e1 un espacio de creatividad, sabores y propuestas originales de manos de emprendedores locales.En el sector de artesan\u00edas, los visitantes podr\u00e1n encontrar piezas \u00fanicas elaboradas en cuero, metal, piedras y madera. La feria tambi\u00e9n ofrece productos decorativos para el hogar,&hellip;<\/p>\n","protected":false},"author":1,"featured_media":0,"comment_status":"closed","ping_status":"closed","sticky":false,"template":"","format":"standard","meta":{"footnotes":""},"categories":[9],"tags":[],"class_list":["post-12368","post","type-post","status-publish","format-standard","hentry","category-noticias"],"rttpg_featured_image_url":null,"rttpg_author":{"display_name":"rober","author_link":"https:\/\/livingmultimediosde.net.ar\/INDEX\/author\/rober\/"},"rttpg_comment":0,"rttpg_category":"<a href=\"https:\/\/livingmultimediosde.net.ar\/INDEX\/category\/noticias\/\" rel=\"category tag\">NOTICIAS<\/a>","rttpg_excerpt":"La edici\u00f3n 2025 de Santiago es tu R\u00edo, organizada por la Municipalidad de la Capital, contar\u00e1 entre sus atractivos con una feria de artesanos y emprendedores que reunir\u00e1 a m\u00e1s de 100 expositores, reflejando el crecimiento de temporadas anteriores.Este a\u00f1o, el predio ubicado en avenida Luis Lescano y avenida Alsina, tendr\u00e1 un espacio de creatividad,&hellip;","_links":{"self":[{"href":"https:\/\/livingmultimediosde.net.ar\/INDEX\/wp-json\/wp\/v2\/posts\/12368","targetHints":{"allow":["GET"]}}],"collection":[{"href":"https:\/\/livingmultimediosde.net.ar\/INDEX\/wp-json\/wp\/v2\/posts"}],"about":[{"href":"https:\/\/livingmultimediosde.net.ar\/INDEX\/wp-json\/wp\/v2\/types\/post"}],"author":[{"embeddable":true,"href":"https:\/\/livingmultimediosde.net.ar\/INDEX\/wp-json\/wp\/v2\/users\/1"}],"replies":[{"embeddable":true,"href":"https:\/\/livingmultimediosde.net.ar\/INDEX\/wp-json\/wp\/v2\/comments?post=12368"}],"version-history":[{"count":1,"href":"https:\/\/livingmultimediosde.net.ar\/INDEX\/wp-json\/wp\/v2\/posts\/12368\/revisions"}],"predecessor-version":[{"id":12370,"href":"https:\/\/livingmultimediosde.net.ar\/INDEX\/wp-json\/wp\/v2\/posts\/12368\/revisions\/12370"}],"wp:attachment":[{"href":"https:\/\/livingmultimediosde.net.ar\/INDEX\/wp-json\/wp\/v2\/media?parent=12368"}],"wp:term":[{"taxonomy":"category","embeddable":true,"href":"https:\/\/livingmultimediosde.net.ar\/INDEX\/wp-json\/wp\/v2\/categories?post=12368"},{"taxonomy":"post_tag","embeddable":true,"href":"https:\/\/livingmultimediosde.net.ar\/INDEX\/wp-json\/wp\/v2\/tags?post=12368"}],"curies":[{"name":"wp","href":"https:\/\/api.w.org\/{rel}","templated":true}]}}