{"id":12362,"date":"2025-01-10T05:56:16","date_gmt":"2025-01-10T05:56:16","guid":{"rendered":"https:\/\/livingmultimediosde.net.ar\/INDEX\/?p=12362"},"modified":"2025-01-10T05:57:44","modified_gmt":"2025-01-10T05:57:44","slug":"desde-salud-recomiendan-vacunarse-contra-la-fiebre-amarilla-antes-de-viajar","status":"publish","type":"post","link":"https:\/\/livingmultimediosde.net.ar\/INDEX\/2025\/01\/desde-salud-recomiendan-vacunarse-contra-la-fiebre-amarilla-antes-de-viajar\/","title":{"rendered":"Desde Salud recomiendan vacunarse contra la fiebre amarilla antes de viajar"},"content":{"rendered":"\n<p class=\"wp-block-paragraph\">El Ministerio de Salud anunci\u00f3 los horarios y puntos de vacunaci\u00f3n para la aplicaci\u00f3n de la vacuna contra la fiebre amarilla, una medida fundamental para quienes planean viajar a zonas con transmisi\u00f3n comprobada de la enfermedad o aquellos pa\u00edses que exigen el certificado internacional de vacunaci\u00f3n como requisito de ingreso.<\/p>\n\n\n\n<p class=\"wp-block-paragraph\">La vacuna estar\u00e1 disponible en los siguientes lugares y horarios:<\/p>\n\n\n\n<p class=\"wp-block-paragraph\">Vacunatorio del Ministerio de Salud: Martes y viernes, de 8 a 15 horas.<br>Vacunatorio del Centro Integral de Salud Banda: Mi\u00e9rcoles, de 6 a 18 horas.<br>Las autoridades sanitarias recuerdan que la vacuna debe aplicarse al menos 10 d\u00edas antes de arribar al destino, para garantizar la protecci\u00f3n efectiva contra la enfermedad. Adem\u00e1s, se destaca que una sola dosis es suficiente para brindar inmunidad durante toda la vida, siempre que no existan contraindicaciones.<\/p>\n\n\n\n<p class=\"wp-block-paragraph\">\u00bfQui\u00e9nes no deben vacunarse?<br>La vacuna est\u00e1 contraindicada para personas gestantes, inmunosuprimidas, inmunocomprometidas, mayores de 65 a\u00f1os y menores de 12 meses.<\/p>\n\n\n\n<p class=\"wp-block-paragraph\">Desde el Ministerio enfatizan la importancia de planificar la vacunaci\u00f3n con anticipaci\u00f3n, especialmente para quienes tienen programados viajes internacionales, para cumplir con los requisitos sanitarios.<\/p>\n","protected":false},"excerpt":{"rendered":"<p>El Ministerio de Salud anunci\u00f3 los horarios y puntos de vacunaci\u00f3n para la aplicaci\u00f3n de la vacuna contra la fiebre amarilla, una medida fundamental para quienes planean viajar a zonas con transmisi\u00f3n comprobada de la enfermedad o aquellos pa\u00edses que exigen el certificado internacional de vacunaci\u00f3n como requisito de ingreso. La vacuna estar\u00e1 disponible en los siguientes lugares y horarios: Vacunatorio del Ministerio de Salud: Martes y viernes, de 8 a 15 horas.Vacunatorio del Centro Integral de Salud Banda: Mi\u00e9rcoles, de 6 a 18 horas.Las autoridades sanitarias recuerdan que la&hellip;<\/p>\n","protected":false},"author":1,"featured_media":0,"comment_status":"closed","ping_status":"closed","sticky":false,"template":"","format":"standard","meta":{"footnotes":""},"categories":[9],"tags":[],"class_list":["post-12362","post","type-post","status-publish","format-standard","hentry","category-noticias"],"rttpg_featured_image_url":null,"rttpg_author":{"display_name":"rober","author_link":"https:\/\/livingmultimediosde.net.ar\/INDEX\/author\/rober\/"},"rttpg_comment":0,"rttpg_category":"<a href=\"https:\/\/livingmultimediosde.net.ar\/INDEX\/category\/noticias\/\" rel=\"category tag\">NOTICIAS<\/a>","rttpg_excerpt":"El Ministerio de Salud anunci\u00f3 los horarios y puntos de vacunaci\u00f3n para la aplicaci\u00f3n de la vacuna contra la fiebre amarilla, una medida fundamental para quienes planean viajar a zonas con transmisi\u00f3n comprobada de la enfermedad o aquellos pa\u00edses que exigen el certificado internacional de vacunaci\u00f3n como requisito de ingreso. La vacuna estar\u00e1 disponible en&hellip;","_links":{"self":[{"href":"https:\/\/livingmultimediosde.net.ar\/INDEX\/wp-json\/wp\/v2\/posts\/12362","targetHints":{"allow":["GET"]}}],"collection":[{"href":"https:\/\/livingmultimediosde.net.ar\/INDEX\/wp-json\/wp\/v2\/posts"}],"about":[{"href":"https:\/\/livingmultimediosde.net.ar\/INDEX\/wp-json\/wp\/v2\/types\/post"}],"author":[{"embeddable":true,"href":"https:\/\/livingmultimediosde.net.ar\/INDEX\/wp-json\/wp\/v2\/users\/1"}],"replies":[{"embeddable":true,"href":"https:\/\/livingmultimediosde.net.ar\/INDEX\/wp-json\/wp\/v2\/comments?post=12362"}],"version-history":[{"count":1,"href":"https:\/\/livingmultimediosde.net.ar\/INDEX\/wp-json\/wp\/v2\/posts\/12362\/revisions"}],"predecessor-version":[{"id":12364,"href":"https:\/\/livingmultimediosde.net.ar\/INDEX\/wp-json\/wp\/v2\/posts\/12362\/revisions\/12364"}],"wp:attachment":[{"href":"https:\/\/livingmultimediosde.net.ar\/INDEX\/wp-json\/wp\/v2\/media?parent=12362"}],"wp:term":[{"taxonomy":"category","embeddable":true,"href":"https:\/\/livingmultimediosde.net.ar\/INDEX\/wp-json\/wp\/v2\/categories?post=12362"},{"taxonomy":"post_tag","embeddable":true,"href":"https:\/\/livingmultimediosde.net.ar\/INDEX\/wp-json\/wp\/v2\/tags?post=12362"}],"curies":[{"name":"wp","href":"https:\/\/api.w.org\/{rel}","templated":true}]}}